{"id":2052,"date":"2018-03-01T13:30:42","date_gmt":"2018-03-01T12:30:42","guid":{"rendered":"http:\/\/lo1.szczecin.pl\/?p=2052"},"modified":"2018-03-01T13:30:42","modified_gmt":"2018-03-01T12:30:42","slug":"brazowi-koszykarze","status":"publish","type":"post","link":"https:\/\/lo1.szczecin.pl\/index.php\/2018\/03\/01\/brazowi-koszykarze\/","title":{"rendered":"Br\u0105zowi koszykarze"},"content":{"rendered":"<p>Zesp\u00f3\u0142 Szk\u00f3\u0142 Salezja\u0144skich by\u0142 gospodarzem fina\u0142u Mistrzostw Szczecina w koszyk\u00f3wce ch\u0142opc\u00f3w szk\u00f3\u0142 ponadgimnazjalnych. Nasi koszykarze w walce o III miejsce i br\u0105zowy medal, pokonali II LO &#8211; 58 : 56.<br \/>\n<strong>BRAWO CH\u0141OPAKI!!<\/strong><br \/>\nReprezentacja w sk\u0142adzie: <strong>Chech\u0142acz Mi\u0142osz kl. 3 e, Ma\u0144kowski Kacper kl. 2 c, Pa\u0142ka\u0144ski Mateusz kl. 2 d, Carvelli Francesco kl. 2 c, \u015amieszek Karol kl. 1 d, Markiewicz Filip kl. 1 a, Zubkiewicz Cezary kl. 2 h.<\/strong><\/p>\n<p><img loading=\"lazy\" decoding=\"async\" class=\"alignnone size-full wp-image-2054\" src=\"http:\/\/lo1.szczecin.pl\/wp-content\/uploads\/2018\/03\/28514773_2059337901007538_8356164656981954519_o.jpg\" alt=\"\" width=\"987\" height=\"554\" srcset=\"https:\/\/lo1.szczecin.pl\/wp-content\/uploads\/2018\/03\/28514773_2059337901007538_8356164656981954519_o.jpg 987w, https:\/\/lo1.szczecin.pl\/wp-content\/uploads\/2018\/03\/28514773_2059337901007538_8356164656981954519_o-300x168.jpg 300w, https:\/\/lo1.szczecin.pl\/wp-content\/uploads\/2018\/03\/28514773_2059337901007538_8356164656981954519_o-768x431.jpg 768w\" sizes=\"auto, (max-width: 987px) 100vw, 987px\" \/><\/p>\n","protected":false},"excerpt":{"rendered":"<p>Zesp\u00f3\u0142 Szk\u00f3\u0142 Salezja\u0144skich by\u0142 gospodarzem fina\u0142u Mistrzostw Szczecina w koszyk\u00f3wce ch\u0142opc\u00f3w szk\u00f3\u0142 ponadgimnazjalnych. Nasi koszykarze w walce o III miejsce i br\u0105zowy medal, pokonali II LO &#8211; 58 : 56. BRAWO CH\u0141OPAKI!! Reprezentacja w sk\u0142adzie: Chech\u0142acz Mi\u0142osz kl. 3 e, Ma\u0144kowski Kacper kl. 2 c, Pa\u0142ka\u0144ski Mateusz kl. 2 d, Carvelli Francesco kl. 2 c, [&hellip;]<\/p>\n","protected":false},"author":1,"featured_media":0,"comment_status":"closed","ping_status":"open","sticky":false,"template":"","format":"standard","meta":{"footnotes":""},"categories":[1],"tags":[],"class_list":["post-2052","post","type-post","status-publish","format-standard","hentry","category-bez-kategorii"],"_links":{"self":[{"href":"https:\/\/lo1.szczecin.pl\/index.php\/wp-json\/wp\/v2\/posts\/2052","targetHints":{"allow":["GET"]}}],"collection":[{"href":"https:\/\/lo1.szczecin.pl\/index.php\/wp-json\/wp\/v2\/posts"}],"about":[{"href":"https:\/\/lo1.szczecin.pl\/index.php\/wp-json\/wp\/v2\/types\/post"}],"author":[{"embeddable":true,"href":"https:\/\/lo1.szczecin.pl\/index.php\/wp-json\/wp\/v2\/users\/1"}],"replies":[{"embeddable":true,"href":"https:\/\/lo1.szczecin.pl\/index.php\/wp-json\/wp\/v2\/comments?post=2052"}],"version-history":[{"count":3,"href":"https:\/\/lo1.szczecin.pl\/index.php\/wp-json\/wp\/v2\/posts\/2052\/revisions"}],"predecessor-version":[{"id":2056,"href":"https:\/\/lo1.szczecin.pl\/index.php\/wp-json\/wp\/v2\/posts\/2052\/revisions\/2056"}],"wp:attachment":[{"href":"https:\/\/lo1.szczecin.pl\/index.php\/wp-json\/wp\/v2\/media?parent=2052"}],"wp:term":[{"taxonomy":"category","embeddable":true,"href":"https:\/\/lo1.szczecin.pl\/index.php\/wp-json\/wp\/v2\/categories?post=2052"},{"taxonomy":"post_tag","embeddable":true,"href":"https:\/\/lo1.szczecin.pl\/index.php\/wp-json\/wp\/v2\/tags?post=2052"}],"curies":[{"name":"wp","href":"https:\/\/api.w.org\/{rel}","templated":true}]}}