{"id":2144,"date":"2018-04-10T15:25:27","date_gmt":"2018-04-10T13:25:27","guid":{"rendered":"http:\/\/lo1.szczecin.pl\/?p=2144"},"modified":"2018-04-10T15:26:13","modified_gmt":"2018-04-10T13:26:13","slug":"za-nami-dzien-otwarty","status":"publish","type":"post","link":"https:\/\/lo1.szczecin.pl\/index.php\/2018\/04\/10\/za-nami-dzien-otwarty\/","title":{"rendered":"Za nami Dzie\u0144 Otwarty"},"content":{"rendered":"<p align=\"justify\">W dniu 07.04.2018 r. w I LO zorganizowano <strong>Dzie\u0144 Otwarty<\/strong>.<br \/>\nMia\u0142 on na celu prezentacj\u0119 bogatego dorobku szko\u0142y, jak r\u00f3wnie\u017c przybli\u017cenie naszej plac\u00f3wki potencjalnym uczniom i ich rodzicom. W programie dnia swoj\u0105 ofert\u0119 zaprezentowali nauczyciele i uczniowie, dzi\u0119ki czemu nasza szko\u0142a mog\u0142a dok\u0142adnie pokaza\u0107\u00a0 swoje atuty. Dzie\u0144 Otwarty Szko\u0142y by\u0142 okazj\u0105 do spotkania si\u0119 z nauczycielami ucz\u0105cymi poszczeg\u00f3lnych przedmiot\u00f3w, do pokazania go\u015bciom panuj\u0105cego w szkole klimatu \u017cyczliwo\u015bci, otwarto\u015bci i akceptacji na indywidualno\u015b\u0107 drugiego cz\u0142owieka. <strong>Mamy nadziej\u0119, i\u017c g\u0142\u00f3wne za\u0142o\u017cenie naszego przedsi\u0119wzi\u0119cia spe\u0142ni\u0142o oczekiwania przyby\u0142ych i z wieloma z nich spotkamy si\u0119 w nowym roku szkolnym, a zatem do zobaczenia we wrze\u015bniu.<\/strong><\/p>\n<p align=\"justify\"><img loading=\"lazy\" decoding=\"async\" class=\"alignnone size-full wp-image-2146\" src=\"http:\/\/lo1.szczecin.pl\/wp-content\/uploads\/2018\/04\/30412296_10155153824301300_5566175004552331264_o.jpg\" alt=\"\" width=\"4096\" height=\"3072\" srcset=\"https:\/\/lo1.szczecin.pl\/wp-content\/uploads\/2018\/04\/30412296_10155153824301300_5566175004552331264_o.jpg 4096w, https:\/\/lo1.szczecin.pl\/wp-content\/uploads\/2018\/04\/30412296_10155153824301300_5566175004552331264_o-300x225.jpg 300w, https:\/\/lo1.szczecin.pl\/wp-content\/uploads\/2018\/04\/30412296_10155153824301300_5566175004552331264_o-768x576.jpg 768w, https:\/\/lo1.szczecin.pl\/wp-content\/uploads\/2018\/04\/30412296_10155153824301300_5566175004552331264_o-1024x768.jpg 1024w\" sizes=\"auto, (max-width: 4096px) 100vw, 4096px\" \/><img loading=\"lazy\" decoding=\"async\" class=\"alignnone size-full wp-image-2147\" src=\"http:\/\/lo1.szczecin.pl\/wp-content\/uploads\/2018\/04\/30415351_10155153820751300_1163102445409140736_o.jpg\" alt=\"\" width=\"4096\" height=\"3072\" srcset=\"https:\/\/lo1.szczecin.pl\/wp-content\/uploads\/2018\/04\/30415351_10155153820751300_1163102445409140736_o.jpg 4096w, https:\/\/lo1.szczecin.pl\/wp-content\/uploads\/2018\/04\/30415351_10155153820751300_1163102445409140736_o-300x225.jpg 300w, https:\/\/lo1.szczecin.pl\/wp-content\/uploads\/2018\/04\/30415351_10155153820751300_1163102445409140736_o-768x576.jpg 768w, https:\/\/lo1.szczecin.pl\/wp-content\/uploads\/2018\/04\/30415351_10155153820751300_1163102445409140736_o-1024x768.jpg 1024w\" sizes=\"auto, (max-width: 4096px) 100vw, 4096px\" \/><img loading=\"lazy\" decoding=\"async\" class=\"alignnone size-full wp-image-2145\" src=\"http:\/\/lo1.szczecin.pl\/wp-content\/uploads\/2018\/04\/CAM01637.jpg\" alt=\"\" width=\"2560\" height=\"1920\" srcset=\"https:\/\/lo1.szczecin.pl\/wp-content\/uploads\/2018\/04\/CAM01637.jpg 2560w, https:\/\/lo1.szczecin.pl\/wp-content\/uploads\/2018\/04\/CAM01637-300x225.jpg 300w, https:\/\/lo1.szczecin.pl\/wp-content\/uploads\/2018\/04\/CAM01637-768x576.jpg 768w, https:\/\/lo1.szczecin.pl\/wp-content\/uploads\/2018\/04\/CAM01637-1024x768.jpg 1024w\" sizes=\"auto, (max-width: 2560px) 100vw, 2560px\" \/><\/p>\n","protected":false},"excerpt":{"rendered":"<p>W dniu 07.04.2018 r. w I LO zorganizowano Dzie\u0144 Otwarty. Mia\u0142 on na celu prezentacj\u0119 bogatego dorobku szko\u0142y, jak r\u00f3wnie\u017c przybli\u017cenie naszej plac\u00f3wki potencjalnym uczniom i ich rodzicom. W programie dnia swoj\u0105 ofert\u0119 zaprezentowali nauczyciele i uczniowie, dzi\u0119ki czemu nasza szko\u0142a mog\u0142a dok\u0142adnie pokaza\u0107\u00a0 swoje atuty. Dzie\u0144 Otwarty Szko\u0142y by\u0142 okazj\u0105 do spotkania si\u0119 z [&hellip;]<\/p>\n","protected":false},"author":1,"featured_media":0,"comment_status":"closed","ping_status":"open","sticky":false,"template":"","format":"standard","meta":{"footnotes":""},"categories":[1],"tags":[],"class_list":["post-2144","post","type-post","status-publish","format-standard","hentry","category-bez-kategorii"],"_links":{"self":[{"href":"https:\/\/lo1.szczecin.pl\/index.php\/wp-json\/wp\/v2\/posts\/2144","targetHints":{"allow":["GET"]}}],"collection":[{"href":"https:\/\/lo1.szczecin.pl\/index.php\/wp-json\/wp\/v2\/posts"}],"about":[{"href":"https:\/\/lo1.szczecin.pl\/index.php\/wp-json\/wp\/v2\/types\/post"}],"author":[{"embeddable":true,"href":"https:\/\/lo1.szczecin.pl\/index.php\/wp-json\/wp\/v2\/users\/1"}],"replies":[{"embeddable":true,"href":"https:\/\/lo1.szczecin.pl\/index.php\/wp-json\/wp\/v2\/comments?post=2144"}],"version-history":[{"count":3,"href":"https:\/\/lo1.szczecin.pl\/index.php\/wp-json\/wp\/v2\/posts\/2144\/revisions"}],"predecessor-version":[{"id":2150,"href":"https:\/\/lo1.szczecin.pl\/index.php\/wp-json\/wp\/v2\/posts\/2144\/revisions\/2150"}],"wp:attachment":[{"href":"https:\/\/lo1.szczecin.pl\/index.php\/wp-json\/wp\/v2\/media?parent=2144"}],"wp:term":[{"taxonomy":"category","embeddable":true,"href":"https:\/\/lo1.szczecin.pl\/index.php\/wp-json\/wp\/v2\/categories?post=2144"},{"taxonomy":"post_tag","embeddable":true,"href":"https:\/\/lo1.szczecin.pl\/index.php\/wp-json\/wp\/v2\/tags?post=2144"}],"curies":[{"name":"wp","href":"https:\/\/api.w.org\/{rel}","templated":true}]}}