{"id":217,"date":"2017-02-10T12:30:45","date_gmt":"2017-02-10T11:30:45","guid":{"rendered":"http:\/\/serwer1646903.home.pl\/lo1\/?p=217"},"modified":"2017-02-26T12:00:11","modified_gmt":"2017-02-26T11:00:11","slug":"boisko-orlik-2012-podczas-ferii-zimowych","status":"publish","type":"post","link":"https:\/\/lo1.szczecin.pl\/index.php\/2017\/02\/10\/boisko-orlik-2012-podczas-ferii-zimowych\/","title":{"rendered":"BOISKO \u201eORLIK 2012\u201d PODCZAS FERII ZIMOWYCH"},"content":{"rendered":"<p><strong>W pierwszym tygodniu ferii<\/strong> ( od 13 do 17 lutego) w dni powszednie ( od poniedzia\u0142ku do pi\u0105tku)<\/p>\n<p>czynne w godzinach pracy szko\u0142y tj. <strong>od 8.00 do 15.30<\/strong> oraz&nbsp; w godzinach pracy Animator\u00f3w sportu <strong>od<\/strong>&nbsp;<strong>16.00 do 20.00.<\/strong><\/p>\n<p><strong>W drugim tygodniu ferii<\/strong> ( od 20 do 24 lutego) w dni powszednie ( od poniedzia\u0142ku do pi\u0105tku) czynne w godzinach pracy szko\u0142y tj. <strong>od 8.00 do 15.30<\/strong><\/p>\n","protected":false},"excerpt":{"rendered":"<p>W pierwszym tygodniu ferii ( od 13 do 17 lutego) w dni powszednie ( od poniedzia\u0142ku do pi\u0105tku) czynne w godzinach pracy szko\u0142y tj. od 8.00 do 15.30 oraz&nbsp; w godzinach pracy Animator\u00f3w sportu od&nbsp;16.00 do 20.00. W drugim tygodniu ferii ( od 20 do 24 lutego) w dni powszednie ( od poniedzia\u0142ku do pi\u0105tku) [&hellip;]<\/p>\n","protected":false},"author":1,"featured_media":0,"comment_status":"closed","ping_status":"open","sticky":false,"template":"","format":"standard","meta":{"footnotes":""},"categories":[1],"tags":[],"class_list":["post-217","post","type-post","status-publish","format-standard","hentry","category-bez-kategorii"],"_links":{"self":[{"href":"https:\/\/lo1.szczecin.pl\/index.php\/wp-json\/wp\/v2\/posts\/217","targetHints":{"allow":["GET"]}}],"collection":[{"href":"https:\/\/lo1.szczecin.pl\/index.php\/wp-json\/wp\/v2\/posts"}],"about":[{"href":"https:\/\/lo1.szczecin.pl\/index.php\/wp-json\/wp\/v2\/types\/post"}],"author":[{"embeddable":true,"href":"https:\/\/lo1.szczecin.pl\/index.php\/wp-json\/wp\/v2\/users\/1"}],"replies":[{"embeddable":true,"href":"https:\/\/lo1.szczecin.pl\/index.php\/wp-json\/wp\/v2\/comments?post=217"}],"version-history":[{"count":3,"href":"https:\/\/lo1.szczecin.pl\/index.php\/wp-json\/wp\/v2\/posts\/217\/revisions"}],"predecessor-version":[{"id":953,"href":"https:\/\/lo1.szczecin.pl\/index.php\/wp-json\/wp\/v2\/posts\/217\/revisions\/953"}],"wp:attachment":[{"href":"https:\/\/lo1.szczecin.pl\/index.php\/wp-json\/wp\/v2\/media?parent=217"}],"wp:term":[{"taxonomy":"category","embeddable":true,"href":"https:\/\/lo1.szczecin.pl\/index.php\/wp-json\/wp\/v2\/categories?post=217"},{"taxonomy":"post_tag","embeddable":true,"href":"https:\/\/lo1.szczecin.pl\/index.php\/wp-json\/wp\/v2\/tags?post=217"}],"curies":[{"name":"wp","href":"https:\/\/api.w.org\/{rel}","templated":true}]}}