{"id":2502,"date":"2018-10-29T10:03:04","date_gmt":"2018-10-29T09:03:04","guid":{"rendered":"http:\/\/lo1.szczecin.pl\/?p=2502"},"modified":"2018-10-29T10:03:36","modified_gmt":"2018-10-29T09:03:36","slug":"zapraszamy","status":"publish","type":"post","link":"https:\/\/lo1.szczecin.pl\/index.php\/2018\/10\/29\/zapraszamy\/","title":{"rendered":"Zapraszamy"},"content":{"rendered":"<p>Festiwal \u201e40 i 4\u201d organizowany jest w ramach obchod\u00f3w setnej rocznicy odzyskania niepodleg\u0142o\u015bci przez Rzeczpospolit\u0105 Polsk\u0105, kt\u00f3ry odb\u0119dzie si\u0119 4 listopada 2018 roku. G\u0142\u00f3wny organizator Stowarzyszenie Port Szczecin.<br \/>\nW ramach festiwalu \u201e40 i 4\u201d odb\u0119d\u0105 si\u0119 cztery wydarzenia:<br \/>\n1. Warsztaty plastyczne dla dzieci<br \/>\n2. Panel dyskusyjny &#8222;Buduj\u0105c to\u017csamo\u015b\u0107&#8221;<br \/>\n3. Spektakl plenerowy \u201eDziady cz. II\u201d<br \/>\n4. Szczeci\u0144ski Salon Poezji<\/p>\n<p><strong>Zapraszamy na g\u0142\u00f3wne wydarzenie w ramach Festiwalu &#8222;40 i 4&#8221;.<\/strong><\/p>\n<p style=\"text-align: justify;\">Zapraszamy na<strong> spektakl plenerowy &#8222;Dziady cz. II&#8221;<\/strong>, kt\u00f3ry odb\u0119dzie si\u0119 na Cmentarzu Centralnym (przed Kaplic\u0105 G\u0142\u00f3wn\u0105) w Szczecinie 4 listopada 2018 roku o godzinie 16.00. Powy\u017cszy spektakl b\u0119dzie posiad\u0142 wymiar mi\u0119dzypokoleniowy, kt\u00f3ry zostanie osi\u0105gni\u0119ty za pomoc\u0105 ch\u00f3ru, wyst\u0119pu dzieci (SP 56), m\u0142odzie\u017cy licealnej (I LO), student\u00f3w, zawodowych aktor\u00f3w (Marta \u0141\u0105giewka, Irena Jun), muzyk\u00f3w (szko\u0142a muzyczna, Bloco Pomerania). Wymienione grupy ilustruj\u0105 przedzia\u0142 pokoleniowy uczestnik\u00f3w przedsi\u0119wzi\u0119cia od 9 do ponad 80 lat. Uniwersalny charakter dzie\u0142a by\u0142 zamys\u0142em samego Mickiewicza. Cz\u0142owiecze\u0144stwo nie wymaga \u017cadnego uzasadnienia. Jest podstawow\u0105 kategori\u0105, kt\u00f3ra decyduje o tym, kim jeste\u015bmy i kim si\u0119 stajemy. Spektakl podejmie pr\u00f3b\u0119 zobrazowania cz\u0142owiecze\u0144stwa w XXI wieku. Przedstawienie b\u0119dzie wspierane mini filmami, kt\u00f3re b\u0119d\u0105 wy\u015bwietlane podczas wydarzenia na telebimie. Warto\u015b\u0107 cierpienia i jego zasadno\u015b\u0107, warto\u015b\u0107 beztroski, szacunek dla uczu\u0107 innych ludzi (r\u00f3wnie\u017c dla ich inno\u015bci), postawa dawania, zabierania, przemocy, upokarzania (dobro i z\u0142o), warto\u015b\u0107 milczenia (jako tajemnicy), za spraw\u0105 kt\u00f3rego szuka si\u0119 na przyk\u0142ad w\u0142asnej drogi \u2013 s\u0105 nie do przecenienia w ka\u017cdych warunkach historycznych, w ka\u017cdej kulturze i mi\u0119dzy r\u00f3\u017cnymi pokoleniami. Re\u017cyseria Miros\u0142awa Piaskowska-Majzel &#8211; nauczycielka j\u0119zyka polskiego w I Liceum Og\u00f3lnokszta\u0142c\u0105cym w Szczecinie<\/p>\n<p><strong>Zapraszamy! Wydarzenie jest bezp\u0142atne.<\/strong><\/p>\n<p><img loading=\"lazy\" decoding=\"async\" class=\"alignnone size-full wp-image-2503\" src=\"http:\/\/lo1.szczecin.pl\/wp-content\/uploads\/2018\/10\/42669420_2137828516433005_8608499738460815360_o.jpg\" alt=\"\" width=\"1920\" height=\"1080\" srcset=\"https:\/\/lo1.szczecin.pl\/wp-content\/uploads\/2018\/10\/42669420_2137828516433005_8608499738460815360_o.jpg 1920w, https:\/\/lo1.szczecin.pl\/wp-content\/uploads\/2018\/10\/42669420_2137828516433005_8608499738460815360_o-300x169.jpg 300w, https:\/\/lo1.szczecin.pl\/wp-content\/uploads\/2018\/10\/42669420_2137828516433005_8608499738460815360_o-768x432.jpg 768w, https:\/\/lo1.szczecin.pl\/wp-content\/uploads\/2018\/10\/42669420_2137828516433005_8608499738460815360_o-1024x576.jpg 1024w\" sizes=\"auto, (max-width: 1920px) 100vw, 1920px\" \/><\/p>\n","protected":false},"excerpt":{"rendered":"<p>Festiwal \u201e40 i 4\u201d organizowany jest w ramach obchod\u00f3w setnej rocznicy odzyskania niepodleg\u0142o\u015bci przez Rzeczpospolit\u0105 Polsk\u0105, kt\u00f3ry odb\u0119dzie si\u0119 4 listopada 2018 roku. G\u0142\u00f3wny organizator Stowarzyszenie Port Szczecin. W ramach festiwalu \u201e40 i 4\u201d odb\u0119d\u0105 si\u0119 cztery wydarzenia: 1. Warsztaty plastyczne dla dzieci 2. Panel dyskusyjny &#8222;Buduj\u0105c to\u017csamo\u015b\u0107&#8221; 3. Spektakl plenerowy \u201eDziady cz. II\u201d 4. [&hellip;]<\/p>\n","protected":false},"author":1,"featured_media":0,"comment_status":"closed","ping_status":"open","sticky":false,"template":"","format":"standard","meta":{"footnotes":""},"categories":[1],"tags":[],"class_list":["post-2502","post","type-post","status-publish","format-standard","hentry","category-bez-kategorii"],"_links":{"self":[{"href":"https:\/\/lo1.szczecin.pl\/index.php\/wp-json\/wp\/v2\/posts\/2502","targetHints":{"allow":["GET"]}}],"collection":[{"href":"https:\/\/lo1.szczecin.pl\/index.php\/wp-json\/wp\/v2\/posts"}],"about":[{"href":"https:\/\/lo1.szczecin.pl\/index.php\/wp-json\/wp\/v2\/types\/post"}],"author":[{"embeddable":true,"href":"https:\/\/lo1.szczecin.pl\/index.php\/wp-json\/wp\/v2\/users\/1"}],"replies":[{"embeddable":true,"href":"https:\/\/lo1.szczecin.pl\/index.php\/wp-json\/wp\/v2\/comments?post=2502"}],"version-history":[{"count":2,"href":"https:\/\/lo1.szczecin.pl\/index.php\/wp-json\/wp\/v2\/posts\/2502\/revisions"}],"predecessor-version":[{"id":2505,"href":"https:\/\/lo1.szczecin.pl\/index.php\/wp-json\/wp\/v2\/posts\/2502\/revisions\/2505"}],"wp:attachment":[{"href":"https:\/\/lo1.szczecin.pl\/index.php\/wp-json\/wp\/v2\/media?parent=2502"}],"wp:term":[{"taxonomy":"category","embeddable":true,"href":"https:\/\/lo1.szczecin.pl\/index.php\/wp-json\/wp\/v2\/categories?post=2502"},{"taxonomy":"post_tag","embeddable":true,"href":"https:\/\/lo1.szczecin.pl\/index.php\/wp-json\/wp\/v2\/tags?post=2502"}],"curies":[{"name":"wp","href":"https:\/\/api.w.org\/{rel}","templated":true}]}}