{"id":2514,"date":"2018-11-05T13:42:21","date_gmt":"2018-11-05T12:42:21","guid":{"rendered":"http:\/\/lo1.szczecin.pl\/?p=2514"},"modified":"2018-11-05T13:43:41","modified_gmt":"2018-11-05T12:43:41","slug":"dziady-cz-ii-spektakl-plenerowy","status":"publish","type":"post","link":"https:\/\/lo1.szczecin.pl\/index.php\/2018\/11\/05\/dziady-cz-ii-spektakl-plenerowy\/","title":{"rendered":"&#8222;Dziady cz.II&#8221; &#8211; spektakl plenerowy"},"content":{"rendered":"<p style=\"text-align: justify;\">W ramach Festiwalu &#8222;40 i 4&#8221;\u00a0 zorganizowanego przez Stowarzyszenie Port Szczecin w ramach obchod\u00f3w 100-lecia odzyskania niepodleg\u0142o\u015bci przez Polsk\u0119, na Cmentarzu Centralnym 4 listopada 2018 r. odby\u0142 si\u0119 <strong>spektakl plenerowy<\/strong> <strong>&#8222;Dziady cz. II&#8221;<\/strong> wed\u0142ug Adama Mickiewicza. Propozycja spektaklu stanowi\u0142a pr\u00f3b\u0119 ukazania warto\u015bci wielopokoleniowo\u015bci, wielokulturowo\u015bci i obrz\u0119dowo\u015bci\u00a0 &#8211; co w przekonaniu re\u017cysera spektaklu &#8211; sk\u0142ada si\u0119 na uniwersalny sens cz\u0142owiecze\u0144stwa.<\/p>\n<p style=\"text-align: justify;\">W przedstawieniu wyst\u0105pili wi\u0119c przedstawiciele r\u00f3\u017cnych pokole\u0144 (od 10 do 85 roku \u017cycia), profesji (nauczyciele, aktorzy, pracownicy firm), a tak\u017ce emeryci, studenci, uczniowie szk\u00f3\u0142 podstawowych (SP 56) i ponadpodstawowych (I LO). G\u0142\u00f3wna sprawczyni tego zamieszania &#8211; pani Miros\u0142awa Piaskowska-Majzel &#8211; re\u017cyser &#8211; podj\u0119\u0142a si\u0119 pr\u00f3by ukazania Dziad\u00f3w w\u0142a\u015bnie w takim wymiarze.<\/p>\n<p style=\"text-align: justify;\"><strong>Tak wielkie przedsi\u0119wzi\u0119cie wymaga\u0142o zaanga\u017cowania wielu os\u00f3b, kt\u00f3re swoimi dzia\u0142aniami wyrazili\u00a0 zbiorow\u0105 solidarno\u015b\u0107 z tym niezwyk\u0142ym wydarzenie. Wszystkim i ka\u017cdemu z osobna &#8211; serdecznie dzi\u0119kujemy!<\/strong><\/p>\n<p>Filmowa relacja &#8211; Kurier Szczeci\u0144ski &#8211;\u00a0<a href=\"https:\/\/www.youtube.com\/watch?v=7iLk2KntKqc&amp;feature=player_embedded&amp;fbclid=IwAR2PasfL-NSNAT0qsNC-D4eQ5a-zuBK7SlT91vpjD7pmu-zy4xP0k-peP2U\">https:\/\/www.youtube.com\/watch?v=7iLk2KntKqc&amp;feature=player_embedded&amp;fbclid=IwAR2PasfL-NSNAT0qsNC-D4eQ5a-zuBK7SlT91vpjD7pmu-zy4xP0k-peP2U<\/a><\/p>\n<p><img loading=\"lazy\" decoding=\"async\" class=\"alignnone size-full wp-image-2515\" src=\"http:\/\/lo1.szczecin.pl\/wp-content\/uploads\/2018\/11\/45417406_1930425170339274_1581299107463430144_n.jpg\" alt=\"\" width=\"2048\" height=\"1367\" srcset=\"https:\/\/lo1.szczecin.pl\/wp-content\/uploads\/2018\/11\/45417406_1930425170339274_1581299107463430144_n.jpg 2048w, https:\/\/lo1.szczecin.pl\/wp-content\/uploads\/2018\/11\/45417406_1930425170339274_1581299107463430144_n-300x200.jpg 300w, https:\/\/lo1.szczecin.pl\/wp-content\/uploads\/2018\/11\/45417406_1930425170339274_1581299107463430144_n-768x513.jpg 768w, https:\/\/lo1.szczecin.pl\/wp-content\/uploads\/2018\/11\/45417406_1930425170339274_1581299107463430144_n-1024x684.jpg 1024w\" sizes=\"auto, (max-width: 2048px) 100vw, 2048px\" \/><\/p>\n","protected":false},"excerpt":{"rendered":"<p>W ramach Festiwalu &#8222;40 i 4&#8221;\u00a0 zorganizowanego przez Stowarzyszenie Port Szczecin w ramach obchod\u00f3w 100-lecia odzyskania niepodleg\u0142o\u015bci przez Polsk\u0119, na Cmentarzu Centralnym 4 listopada 2018 r. odby\u0142 si\u0119 spektakl plenerowy &#8222;Dziady cz. II&#8221; wed\u0142ug Adama Mickiewicza. Propozycja spektaklu stanowi\u0142a pr\u00f3b\u0119 ukazania warto\u015bci wielopokoleniowo\u015bci, wielokulturowo\u015bci i obrz\u0119dowo\u015bci\u00a0 &#8211; co w przekonaniu re\u017cysera spektaklu &#8211; sk\u0142ada si\u0119 [&hellip;]<\/p>\n","protected":false},"author":1,"featured_media":0,"comment_status":"closed","ping_status":"open","sticky":false,"template":"","format":"standard","meta":{"footnotes":""},"categories":[1],"tags":[],"class_list":["post-2514","post","type-post","status-publish","format-standard","hentry","category-bez-kategorii"],"_links":{"self":[{"href":"https:\/\/lo1.szczecin.pl\/index.php\/wp-json\/wp\/v2\/posts\/2514","targetHints":{"allow":["GET"]}}],"collection":[{"href":"https:\/\/lo1.szczecin.pl\/index.php\/wp-json\/wp\/v2\/posts"}],"about":[{"href":"https:\/\/lo1.szczecin.pl\/index.php\/wp-json\/wp\/v2\/types\/post"}],"author":[{"embeddable":true,"href":"https:\/\/lo1.szczecin.pl\/index.php\/wp-json\/wp\/v2\/users\/1"}],"replies":[{"embeddable":true,"href":"https:\/\/lo1.szczecin.pl\/index.php\/wp-json\/wp\/v2\/comments?post=2514"}],"version-history":[{"count":5,"href":"https:\/\/lo1.szczecin.pl\/index.php\/wp-json\/wp\/v2\/posts\/2514\/revisions"}],"predecessor-version":[{"id":2519,"href":"https:\/\/lo1.szczecin.pl\/index.php\/wp-json\/wp\/v2\/posts\/2514\/revisions\/2519"}],"wp:attachment":[{"href":"https:\/\/lo1.szczecin.pl\/index.php\/wp-json\/wp\/v2\/media?parent=2514"}],"wp:term":[{"taxonomy":"category","embeddable":true,"href":"https:\/\/lo1.szczecin.pl\/index.php\/wp-json\/wp\/v2\/categories?post=2514"},{"taxonomy":"post_tag","embeddable":true,"href":"https:\/\/lo1.szczecin.pl\/index.php\/wp-json\/wp\/v2\/tags?post=2514"}],"curies":[{"name":"wp","href":"https:\/\/api.w.org\/{rel}","templated":true}]}}