{"id":2522,"date":"2018-11-15T23:18:09","date_gmt":"2018-11-15T22:18:09","guid":{"rendered":"http:\/\/lo1.szczecin.pl\/?p=2522"},"modified":"2018-11-15T23:18:09","modified_gmt":"2018-11-15T22:18:09","slug":"obchody-100-lecia-niepodleglosci","status":"publish","type":"post","link":"https:\/\/lo1.szczecin.pl\/index.php\/2018\/11\/15\/obchody-100-lecia-niepodleglosci\/","title":{"rendered":"Obchody 100-lecia niepodleg\u0142o\u015bci"},"content":{"rendered":"<p style=\"text-align: center;\"><strong>\u00a0\u00a0\u00a0\u00a0\u00a0\u00a0\u00a0 14.11.2018 r, nast\u0105pi\u0142o uroczyste otwarcie szkolnej wystawy \u201eTamte dni\u201d, przygotowanej z okazji 100-lecia niepodleg\u0142o\u015bci Polski.\u00a0<\/strong><\/p>\n<p style=\"text-align: justify;\">Uroczysto\u015b\u0107 rozpocz\u0119\u0142a etiuda s\u0142owno \u2013 muzyczna \u201e Polsko, ty zawsze wiernych syn\u00f3w mia\u0142a\u015b\u201d, w wykonaniu uczni\u00f3w. Nast\u0119pnie odby\u0142o si\u0119 zwiedzanie wystawy. Ekspozycja zosta\u0142a pomy\u015blana, jako\u00a0 \u015bcie\u017cka dydaktyczna: rozpocz\u0119\u0142a si\u0119 od obejrzenia repliki \u00a0XIX- wiecznego saloniku, w kt\u00f3rym matka \u2013Polka uczy swoje dzieci patriotyzmu , recytuj\u0105c razem z nimi \u201eKatechizm polskiego dziecka\u201d. Dalej mo\u017cemy znale\u017a\u0107 plansz\u0119 Ojcowie i matki niepodleg\u0142o\u015bci, map\u0119 II Rzeczpospolitej, przy pomocy kt\u00f3rej uczniowie prelegenci opowiadali o kszta\u0142towaniu si\u0119 polskich granic. Na koniec do obejrzenia jest plansza przedstawiaj\u0105ca osi\u0105gni\u0119cia II RP. Du\u017c\u0105 cz\u0119\u015b\u0107 wystawy zajmuj\u0105 eksponaty zgromadzone przez uczni\u00f3w i nauczycieli. Mo\u017cna w\u015br\u00f3d nich zobaczy\u0107: stary sierp, ko\u0142owrotek, rodzinne zdj\u0119cia, kolekcj\u0119 porcelany z pocz\u0105tku XX wieku, a nawet guziki sanitariuszek z okresu I wojny \u015bwiatowej. za ca\u0142e przedsi\u0119wzi\u0119cia odpowiadaj\u0105 nauczyciele historii: Ewa Smole\u0144ska i Dariusz Szersze\u0144.<\/p>\n<p><img loading=\"lazy\" decoding=\"async\" class=\"wp-image-2523 aligncenter\" src=\"http:\/\/lo1.szczecin.pl\/wp-content\/uploads\/2018\/11\/IMG_6619.jpg\" alt=\"\" width=\"394\" height=\"262\" srcset=\"https:\/\/lo1.szczecin.pl\/wp-content\/uploads\/2018\/11\/IMG_6619.jpg 5184w, https:\/\/lo1.szczecin.pl\/wp-content\/uploads\/2018\/11\/IMG_6619-300x200.jpg 300w, https:\/\/lo1.szczecin.pl\/wp-content\/uploads\/2018\/11\/IMG_6619-768x512.jpg 768w, https:\/\/lo1.szczecin.pl\/wp-content\/uploads\/2018\/11\/IMG_6619-1024x683.jpg 1024w\" sizes=\"auto, (max-width: 394px) 100vw, 394px\" \/><img loading=\"lazy\" decoding=\"async\" class=\"alignnone  wp-image-2524\" src=\"http:\/\/lo1.szczecin.pl\/wp-content\/uploads\/2018\/11\/IMG_6641.jpg\" alt=\"\" width=\"393\" height=\"262\" srcset=\"https:\/\/lo1.szczecin.pl\/wp-content\/uploads\/2018\/11\/IMG_6641.jpg 5184w, https:\/\/lo1.szczecin.pl\/wp-content\/uploads\/2018\/11\/IMG_6641-300x200.jpg 300w, https:\/\/lo1.szczecin.pl\/wp-content\/uploads\/2018\/11\/IMG_6641-768x512.jpg 768w, https:\/\/lo1.szczecin.pl\/wp-content\/uploads\/2018\/11\/IMG_6641-1024x683.jpg 1024w\" sizes=\"auto, (max-width: 393px) 100vw, 393px\" \/><img loading=\"lazy\" decoding=\"async\" class=\"wp-image-2525 aligncenter\" src=\"http:\/\/lo1.szczecin.pl\/wp-content\/uploads\/2018\/11\/IMG_6643.jpg\" alt=\"\" width=\"393\" height=\"262\" srcset=\"https:\/\/lo1.szczecin.pl\/wp-content\/uploads\/2018\/11\/IMG_6643.jpg 5184w, https:\/\/lo1.szczecin.pl\/wp-content\/uploads\/2018\/11\/IMG_6643-300x200.jpg 300w, https:\/\/lo1.szczecin.pl\/wp-content\/uploads\/2018\/11\/IMG_6643-768x512.jpg 768w, https:\/\/lo1.szczecin.pl\/wp-content\/uploads\/2018\/11\/IMG_6643-1024x683.jpg 1024w\" sizes=\"auto, (max-width: 393px) 100vw, 393px\" \/><img loading=\"lazy\" decoding=\"async\" class=\"alignnone  wp-image-2526\" src=\"http:\/\/lo1.szczecin.pl\/wp-content\/uploads\/2018\/11\/IMG_6652.jpg\" alt=\"\" width=\"392\" height=\"262\" srcset=\"https:\/\/lo1.szczecin.pl\/wp-content\/uploads\/2018\/11\/IMG_6652.jpg 5184w, https:\/\/lo1.szczecin.pl\/wp-content\/uploads\/2018\/11\/IMG_6652-300x200.jpg 300w, https:\/\/lo1.szczecin.pl\/wp-content\/uploads\/2018\/11\/IMG_6652-768x512.jpg 768w, https:\/\/lo1.szczecin.pl\/wp-content\/uploads\/2018\/11\/IMG_6652-1024x683.jpg 1024w\" sizes=\"auto, (max-width: 392px) 100vw, 392px\" \/><\/p>\n","protected":false},"excerpt":{"rendered":"<p>\u00a0\u00a0\u00a0\u00a0\u00a0\u00a0\u00a0 14.11.2018 r, nast\u0105pi\u0142o uroczyste otwarcie szkolnej wystawy \u201eTamte dni\u201d, przygotowanej z okazji 100-lecia niepodleg\u0142o\u015bci Polski.\u00a0 Uroczysto\u015b\u0107 rozpocz\u0119\u0142a etiuda s\u0142owno \u2013 muzyczna \u201e Polsko, ty zawsze wiernych syn\u00f3w mia\u0142a\u015b\u201d, w wykonaniu uczni\u00f3w. Nast\u0119pnie odby\u0142o si\u0119 zwiedzanie wystawy. Ekspozycja zosta\u0142a pomy\u015blana, jako\u00a0 \u015bcie\u017cka dydaktyczna: rozpocz\u0119\u0142a si\u0119 od obejrzenia repliki \u00a0XIX- wiecznego saloniku, w kt\u00f3rym matka \u2013Polka [&hellip;]<\/p>\n","protected":false},"author":1,"featured_media":0,"comment_status":"closed","ping_status":"open","sticky":false,"template":"","format":"standard","meta":{"footnotes":""},"categories":[1],"tags":[],"class_list":["post-2522","post","type-post","status-publish","format-standard","hentry","category-bez-kategorii"],"_links":{"self":[{"href":"https:\/\/lo1.szczecin.pl\/index.php\/wp-json\/wp\/v2\/posts\/2522","targetHints":{"allow":["GET"]}}],"collection":[{"href":"https:\/\/lo1.szczecin.pl\/index.php\/wp-json\/wp\/v2\/posts"}],"about":[{"href":"https:\/\/lo1.szczecin.pl\/index.php\/wp-json\/wp\/v2\/types\/post"}],"author":[{"embeddable":true,"href":"https:\/\/lo1.szczecin.pl\/index.php\/wp-json\/wp\/v2\/users\/1"}],"replies":[{"embeddable":true,"href":"https:\/\/lo1.szczecin.pl\/index.php\/wp-json\/wp\/v2\/comments?post=2522"}],"version-history":[{"count":5,"href":"https:\/\/lo1.szczecin.pl\/index.php\/wp-json\/wp\/v2\/posts\/2522\/revisions"}],"predecessor-version":[{"id":2531,"href":"https:\/\/lo1.szczecin.pl\/index.php\/wp-json\/wp\/v2\/posts\/2522\/revisions\/2531"}],"wp:attachment":[{"href":"https:\/\/lo1.szczecin.pl\/index.php\/wp-json\/wp\/v2\/media?parent=2522"}],"wp:term":[{"taxonomy":"category","embeddable":true,"href":"https:\/\/lo1.szczecin.pl\/index.php\/wp-json\/wp\/v2\/categories?post=2522"},{"taxonomy":"post_tag","embeddable":true,"href":"https:\/\/lo1.szczecin.pl\/index.php\/wp-json\/wp\/v2\/tags?post=2522"}],"curies":[{"name":"wp","href":"https:\/\/api.w.org\/{rel}","templated":true}]}}