{"id":2532,"date":"2018-11-15T23:33:07","date_gmt":"2018-11-15T22:33:07","guid":{"rendered":"http:\/\/lo1.szczecin.pl\/?p=2532"},"modified":"2018-11-15T23:39:33","modified_gmt":"2018-11-15T22:39:33","slug":"rusza-nabor-wolontariuszy-do-wosp","status":"publish","type":"post","link":"https:\/\/lo1.szczecin.pl\/index.php\/2018\/11\/15\/rusza-nabor-wolontariuszy-do-wosp\/","title":{"rendered":"Rusza nab\u00f3r wolontariuszy do WO\u015aP"},"content":{"rendered":"<p>Uwaga! W niedziel\u0119 13. stycznia 2019 r. odb\u0119dzie si\u0119 XXVII Fina\u0142 Wielkiej Orkiestry \u015awi\u0105tecznej Pomocy. Cel zbi\u00f3rki podczas XXVII Fina\u0142u: zakup sprz\u0119tu dla specjalistycznych szpitali dzieci\u0119cych.<\/p>\n<p>Jak co roku, przy naszym liceum zosta\u0142 utworzony sztab WO\u015aP z 30 wolontariuszami. <strong>Sztab do 28. listopada br. (\u015broda) zbiera ch\u0119tnych do kwestowania.<\/strong><\/p>\n<div class=\"text_exposed_show\">\n<p style=\"text-align: justify;\">Co nale\u017cy zrobi\u0107, aby zosta\u0107 wolontariuszem kwestuj\u0105cym na w\/w cel:<\/p>\n<p style=\"text-align: justify;\">1. Zapozna\u0107 si\u0119 z regulaminem wolontariusza <a href=\"http:\/\/lo1.szczecin.pl\/wp-content\/uploads\/2018\/11\/regulamin_wolontariusza_27.final_pdf.pdf\"><strong>ZOBACZ<\/strong><\/a><\/p>\n<p style=\"text-align: justify;\">2. Rzetelnie i czytelnie wype\u0142ni\u0107 ankiet\u0119 <a href=\"http:\/\/lo1.szczecin.pl\/wp-content\/uploads\/2018\/11\/Ankieta-Wolontariusza-do-cel\u00f3w-szkolnych-wyedytowana.doc\"><strong>WYPE\u0141NIJ<\/strong><\/a>, u\u017cywaj\u0105c w tym celu PROGRAMU WORD (prosz\u0119 nie wr\u0119cza\u0107 r\u0119cznie wype\u0142nionych wniosk\u00f3w oraz ich skan\u00f3w).<\/p>\n<p style=\"text-align: justify;\">3. Wydrukowa\u0107 i podpisa\u0107 wype\u0142nion\u0105 W WORDZIE ankiet\u0119 oraz j\u0105 podpisa\u0107 (je\u015bli nie masz uko\u0144czonych 18 lat, koniecznie musi z\u0142o\u017cy\u0107 sw\u00f3j podpis tak\u017ce Tw\u00f3j opiekun prawny).<\/p>\n<p style=\"text-align: justify;\">4. Podpisany wydruk ankiety przeka\u017c osobi\u015bcie prof. Ma\u0142gorzacie Zalewskiej na przerwie (w pokoju nauczycielskim lub w sali 33a) w terminie do dnia 28. listopada (\u015broda). Wraz z wydrukiem ankiety nale\u017cy dostarczy\u0107 podpisane na odwrocie aktualne zdj\u0119cie legitymacyjne (imi\u0119, nazwisko, klasa).<br \/>\nPo skompletowaniu wniosk\u00f3w od 30 os\u00f3b ch\u0119tnych do kwestowania, otrzymasz do podpisania przez Ciebie (ewentualnie tak\u017ce przez Twojego rodzica \/ opiekuna) o\u015bwiadczenie wysy\u0142ane do Warszawy w celu wyrobienia identyfikatora. Szef sztabu WO\u015aP \u2013 p. Ma\u0142gorzata Zalewska \u2013 b\u0119dzie w sta\u0142ym kontakcie z osobami, kt\u00f3re si\u0119 zg\u0142osz\u0105 i przed kwest\u0105 dotrze z praktycznymi informacjami.<\/p>\n<p>Ma\u0142gorzata Zalewska<\/p>\n<p><img loading=\"lazy\" decoding=\"async\" class=\"alignnone size-full wp-image-2535\" src=\"http:\/\/lo1.szczecin.pl\/wp-content\/uploads\/2018\/11\/imggcsiC705AB6313A11EBBAAEB4BADB1C97DAD9B3FB497mpid10maxwidth1366maxheight654.jpg\" alt=\"\" width=\"1069\" height=\"654\" srcset=\"https:\/\/lo1.szczecin.pl\/wp-content\/uploads\/2018\/11\/imggcsiC705AB6313A11EBBAAEB4BADB1C97DAD9B3FB497mpid10maxwidth1366maxheight654.jpg 1069w, https:\/\/lo1.szczecin.pl\/wp-content\/uploads\/2018\/11\/imggcsiC705AB6313A11EBBAAEB4BADB1C97DAD9B3FB497mpid10maxwidth1366maxheight654-300x184.jpg 300w, https:\/\/lo1.szczecin.pl\/wp-content\/uploads\/2018\/11\/imggcsiC705AB6313A11EBBAAEB4BADB1C97DAD9B3FB497mpid10maxwidth1366maxheight654-768x470.jpg 768w, https:\/\/lo1.szczecin.pl\/wp-content\/uploads\/2018\/11\/imggcsiC705AB6313A11EBBAAEB4BADB1C97DAD9B3FB497mpid10maxwidth1366maxheight654-1024x626.jpg 1024w\" sizes=\"auto, (max-width: 1069px) 100vw, 1069px\" \/><\/p>\n<\/div>\n","protected":false},"excerpt":{"rendered":"<p>Uwaga! W niedziel\u0119 13. stycznia 2019 r. odb\u0119dzie si\u0119 XXVII Fina\u0142 Wielkiej Orkiestry \u015awi\u0105tecznej Pomocy. Cel zbi\u00f3rki podczas XXVII Fina\u0142u: zakup sprz\u0119tu dla specjalistycznych szpitali dzieci\u0119cych. Jak co roku, przy naszym liceum zosta\u0142 utworzony sztab WO\u015aP z 30 wolontariuszami. Sztab do 28. listopada br. (\u015broda) zbiera ch\u0119tnych do kwestowania. Co nale\u017cy zrobi\u0107, aby zosta\u0107 wolontariuszem [&hellip;]<\/p>\n","protected":false},"author":1,"featured_media":0,"comment_status":"closed","ping_status":"open","sticky":false,"template":"","format":"standard","meta":{"footnotes":""},"categories":[1],"tags":[],"class_list":["post-2532","post","type-post","status-publish","format-standard","hentry","category-bez-kategorii"],"_links":{"self":[{"href":"https:\/\/lo1.szczecin.pl\/index.php\/wp-json\/wp\/v2\/posts\/2532","targetHints":{"allow":["GET"]}}],"collection":[{"href":"https:\/\/lo1.szczecin.pl\/index.php\/wp-json\/wp\/v2\/posts"}],"about":[{"href":"https:\/\/lo1.szczecin.pl\/index.php\/wp-json\/wp\/v2\/types\/post"}],"author":[{"embeddable":true,"href":"https:\/\/lo1.szczecin.pl\/index.php\/wp-json\/wp\/v2\/users\/1"}],"replies":[{"embeddable":true,"href":"https:\/\/lo1.szczecin.pl\/index.php\/wp-json\/wp\/v2\/comments?post=2532"}],"version-history":[{"count":2,"href":"https:\/\/lo1.szczecin.pl\/index.php\/wp-json\/wp\/v2\/posts\/2532\/revisions"}],"predecessor-version":[{"id":2537,"href":"https:\/\/lo1.szczecin.pl\/index.php\/wp-json\/wp\/v2\/posts\/2532\/revisions\/2537"}],"wp:attachment":[{"href":"https:\/\/lo1.szczecin.pl\/index.php\/wp-json\/wp\/v2\/media?parent=2532"}],"wp:term":[{"taxonomy":"category","embeddable":true,"href":"https:\/\/lo1.szczecin.pl\/index.php\/wp-json\/wp\/v2\/categories?post=2532"},{"taxonomy":"post_tag","embeddable":true,"href":"https:\/\/lo1.szczecin.pl\/index.php\/wp-json\/wp\/v2\/tags?post=2532"}],"curies":[{"name":"wp","href":"https:\/\/api.w.org\/{rel}","templated":true}]}}