{"id":2634,"date":"2019-01-21T22:48:44","date_gmt":"2019-01-21T21:48:44","guid":{"rendered":"http:\/\/lo1.szczecin.pl\/?p=2634"},"modified":"2019-01-21T22:51:40","modified_gmt":"2019-01-21T21:51:40","slug":"wioslowalismy-dla-wosp","status":"publish","type":"post","link":"https:\/\/lo1.szczecin.pl\/index.php\/2019\/01\/21\/wioslowalismy-dla-wosp\/","title":{"rendered":"Wios\u0142owali\u015bmy dla WO\u015aP"},"content":{"rendered":"\n<p>Mn\u00f3stwo emocji towarzyszy\u0142o sobotniej akcji &#8211; 12 stycznia <strong>&#8222;Wios\u0142owanie dla Wielkiej Orkiestry \u015awi\u0105tecznej Pomocy&#8221;<\/strong>. Zaproszeni sportowcy i wszyscy ch\u0119tni mieszka\u0144cy Szczecina uczestniczyli <br>w walce o rekord Polski na ergometrze wio\u015blarskim. Do rywalizacji stan\u0119\u0142y Bydgoszcz, Gda\u0144sk, Pozna\u0144, Toru\u0144 (ubieg\u0142oroczny zwyci\u0119zca), Lublin, Warszawa, po raz pierwszy do\u0142\u0105czy\u0142 te\u017c Szczecin. <strong>Po zaci\u0119tej walce do samego ko\u0144ca &#8211; Szczecin zaj\u0105\u0142 II miejsce. <\/strong><br>Celem akcji jest, by przez dziesi\u0119\u0107 godzin jak najwi\u0119cej os\u00f3b przep\u0142yn\u0119\u0142o na ergometrze wio\u015blarskim dystans 500 metr\u00f3w. Nasi najlepsi &#8211; &#8222;szkolni wio\u015blarze&#8221; wsparli akcj\u0119 swoim udanym startem.<\/p>\n\n\n\n<figure class=\"wp-block-image\"><img loading=\"lazy\" decoding=\"async\" width=\"1024\" height=\"768\" src=\"http:\/\/lo1.szczecin.pl\/wp-content\/uploads\/2019\/01\/49755930_404209393700133_6330127284237762560_n1-1024x768.jpg\" alt=\"\" class=\"wp-image-2635\" srcset=\"https:\/\/lo1.szczecin.pl\/wp-content\/uploads\/2019\/01\/49755930_404209393700133_6330127284237762560_n1.jpg 1024w, https:\/\/lo1.szczecin.pl\/wp-content\/uploads\/2019\/01\/49755930_404209393700133_6330127284237762560_n1-300x225.jpg 300w, https:\/\/lo1.szczecin.pl\/wp-content\/uploads\/2019\/01\/49755930_404209393700133_6330127284237762560_n1-768x576.jpg 768w\" sizes=\"auto, (max-width: 1024px) 100vw, 1024px\" \/><figcaption><strong>Wielkie serducho oddali: Daria Sobolewska 2b, Leszek Miltyk 3c, Bartosz Chada\u015b 2f , Mateusz Fydryszewki 1b. <\/strong><\/figcaption><\/figure>\n\n\n\n<figure class=\"wp-block-image\"><img loading=\"lazy\" decoding=\"async\" width=\"1024\" height=\"768\" src=\"http:\/\/lo1.szczecin.pl\/wp-content\/uploads\/2019\/01\/49775710_2215826431971725_6903331351819190272_n-1024x768.jpg\" alt=\"\" class=\"wp-image-2636\" srcset=\"https:\/\/lo1.szczecin.pl\/wp-content\/uploads\/2019\/01\/49775710_2215826431971725_6903331351819190272_n.jpg 1024w, https:\/\/lo1.szczecin.pl\/wp-content\/uploads\/2019\/01\/49775710_2215826431971725_6903331351819190272_n-300x225.jpg 300w, https:\/\/lo1.szczecin.pl\/wp-content\/uploads\/2019\/01\/49775710_2215826431971725_6903331351819190272_n-768x576.jpg 768w\" sizes=\"auto, (max-width: 1024px) 100vw, 1024px\" \/><figcaption><strong>Przez 10 godzin &#8211; 304 osoby w Szczecinie pokona\u0142y dystans 500 metr\u00f3w<\/strong><\/figcaption><\/figure>\n\n\n\n<p><\/p>\n","protected":false},"excerpt":{"rendered":"<p>Mn\u00f3stwo emocji towarzyszy\u0142o sobotniej akcji &#8211; 12 stycznia &#8222;Wios\u0142owanie dla Wielkiej Orkiestry \u015awi\u0105tecznej Pomocy&#8221;. Zaproszeni sportowcy i wszyscy ch\u0119tni mieszka\u0144cy Szczecina uczestniczyli w walce o rekord Polski na ergometrze wio\u015blarskim. Do rywalizacji stan\u0119\u0142y Bydgoszcz, Gda\u0144sk, Pozna\u0144, Toru\u0144 (ubieg\u0142oroczny zwyci\u0119zca), Lublin, Warszawa, po raz pierwszy do\u0142\u0105czy\u0142 te\u017c Szczecin. Po zaci\u0119tej walce do samego ko\u0144ca &#8211; Szczecin [&hellip;]<\/p>\n","protected":false},"author":1,"featured_media":0,"comment_status":"closed","ping_status":"open","sticky":false,"template":"","format":"standard","meta":{"footnotes":""},"categories":[1],"tags":[],"class_list":["post-2634","post","type-post","status-publish","format-standard","hentry","category-bez-kategorii"],"_links":{"self":[{"href":"https:\/\/lo1.szczecin.pl\/index.php\/wp-json\/wp\/v2\/posts\/2634","targetHints":{"allow":["GET"]}}],"collection":[{"href":"https:\/\/lo1.szczecin.pl\/index.php\/wp-json\/wp\/v2\/posts"}],"about":[{"href":"https:\/\/lo1.szczecin.pl\/index.php\/wp-json\/wp\/v2\/types\/post"}],"author":[{"embeddable":true,"href":"https:\/\/lo1.szczecin.pl\/index.php\/wp-json\/wp\/v2\/users\/1"}],"replies":[{"embeddable":true,"href":"https:\/\/lo1.szczecin.pl\/index.php\/wp-json\/wp\/v2\/comments?post=2634"}],"version-history":[{"count":5,"href":"https:\/\/lo1.szczecin.pl\/index.php\/wp-json\/wp\/v2\/posts\/2634\/revisions"}],"predecessor-version":[{"id":2645,"href":"https:\/\/lo1.szczecin.pl\/index.php\/wp-json\/wp\/v2\/posts\/2634\/revisions\/2645"}],"wp:attachment":[{"href":"https:\/\/lo1.szczecin.pl\/index.php\/wp-json\/wp\/v2\/media?parent=2634"}],"wp:term":[{"taxonomy":"category","embeddable":true,"href":"https:\/\/lo1.szczecin.pl\/index.php\/wp-json\/wp\/v2\/categories?post=2634"},{"taxonomy":"post_tag","embeddable":true,"href":"https:\/\/lo1.szczecin.pl\/index.php\/wp-json\/wp\/v2\/tags?post=2634"}],"curies":[{"name":"wp","href":"https:\/\/api.w.org\/{rel}","templated":true}]}}