{"id":2647,"date":"2019-01-21T23:05:36","date_gmt":"2019-01-21T22:05:36","guid":{"rendered":"http:\/\/lo1.szczecin.pl\/?p=2647"},"modified":"2019-01-21T23:18:23","modified_gmt":"2019-01-21T22:18:23","slug":"sztab-wosp-w-i-lo","status":"publish","type":"post","link":"https:\/\/lo1.szczecin.pl\/index.php\/2019\/01\/21\/sztab-wosp-w-i-lo\/","title":{"rendered":"Sztab WO\u015aP w I LO"},"content":{"rendered":"\n<p>Wszystkim uczniom oraz nauczycielom zaanga\u017cowanym w kwestowanie oraz prace sztabu WO\u015aP przy I LO, serdecznie dzi\u0119kujemy! 30 wolontariuszy zebra\u0142o <strong>10, 250,01 z\u0142otych.<\/strong><br>\u2764\ufe0f<strong>Jeszcze raz wielkie podzi\u0119kowania dla wolontariuszy WO\u015aP. Przez 10 lat dzia\u0142alno\u015bci nasz sztab zebra\u0142 ponad 150.000 z\u0142! (dok\u0142adnie: 152.459,39 z\u0142)<\/strong><\/p>\n\n\n\n<figure class=\"wp-block-image\"><img loading=\"lazy\" decoding=\"async\" width=\"848\" height=\"386\" src=\"http:\/\/lo1.szczecin.pl\/wp-content\/uploads\/2019\/01\/529-zuhCxWng-ct_WmnT.jpg\" alt=\"\" class=\"wp-image-2648\" srcset=\"https:\/\/lo1.szczecin.pl\/wp-content\/uploads\/2019\/01\/529-zuhCxWng-ct_WmnT.jpg 848w, https:\/\/lo1.szczecin.pl\/wp-content\/uploads\/2019\/01\/529-zuhCxWng-ct_WmnT-300x137.jpg 300w, https:\/\/lo1.szczecin.pl\/wp-content\/uploads\/2019\/01\/529-zuhCxWng-ct_WmnT-768x350.jpg 768w\" sizes=\"auto, (max-width: 848px) 100vw, 848px\" \/><\/figure>\n","protected":false},"excerpt":{"rendered":"<p>Wszystkim uczniom oraz nauczycielom zaanga\u017cowanym w kwestowanie oraz prace sztabu WO\u015aP przy I LO, serdecznie dzi\u0119kujemy! 30 wolontariuszy zebra\u0142o 10, 250,01 z\u0142otych.\u2764\ufe0fJeszcze raz wielkie podzi\u0119kowania dla wolontariuszy WO\u015aP. Przez 10 lat dzia\u0142alno\u015bci nasz sztab zebra\u0142 ponad 150.000 z\u0142! (dok\u0142adnie: 152.459,39 z\u0142)<\/p>\n","protected":false},"author":1,"featured_media":0,"comment_status":"closed","ping_status":"open","sticky":false,"template":"","format":"standard","meta":{"footnotes":""},"categories":[1],"tags":[],"class_list":["post-2647","post","type-post","status-publish","format-standard","hentry","category-bez-kategorii"],"_links":{"self":[{"href":"https:\/\/lo1.szczecin.pl\/index.php\/wp-json\/wp\/v2\/posts\/2647","targetHints":{"allow":["GET"]}}],"collection":[{"href":"https:\/\/lo1.szczecin.pl\/index.php\/wp-json\/wp\/v2\/posts"}],"about":[{"href":"https:\/\/lo1.szczecin.pl\/index.php\/wp-json\/wp\/v2\/types\/post"}],"author":[{"embeddable":true,"href":"https:\/\/lo1.szczecin.pl\/index.php\/wp-json\/wp\/v2\/users\/1"}],"replies":[{"embeddable":true,"href":"https:\/\/lo1.szczecin.pl\/index.php\/wp-json\/wp\/v2\/comments?post=2647"}],"version-history":[{"count":2,"href":"https:\/\/lo1.szczecin.pl\/index.php\/wp-json\/wp\/v2\/posts\/2647\/revisions"}],"predecessor-version":[{"id":2653,"href":"https:\/\/lo1.szczecin.pl\/index.php\/wp-json\/wp\/v2\/posts\/2647\/revisions\/2653"}],"wp:attachment":[{"href":"https:\/\/lo1.szczecin.pl\/index.php\/wp-json\/wp\/v2\/media?parent=2647"}],"wp:term":[{"taxonomy":"category","embeddable":true,"href":"https:\/\/lo1.szczecin.pl\/index.php\/wp-json\/wp\/v2\/categories?post=2647"},{"taxonomy":"post_tag","embeddable":true,"href":"https:\/\/lo1.szczecin.pl\/index.php\/wp-json\/wp\/v2\/tags?post=2647"}],"curies":[{"name":"wp","href":"https:\/\/api.w.org\/{rel}","templated":true}]}}