{"id":3039,"date":"2019-06-15T23:06:57","date_gmt":"2019-06-15T21:06:57","guid":{"rendered":"http:\/\/lo1.szczecin.pl\/?p=3039"},"modified":"2019-06-15T23:09:24","modified_gmt":"2019-06-15T21:09:24","slug":"polsko-niemiecki-projekt","status":"publish","type":"post","link":"https:\/\/lo1.szczecin.pl\/index.php\/2019\/06\/15\/polsko-niemiecki-projekt\/","title":{"rendered":"Polsko-niemiecki projekt"},"content":{"rendered":"\n<p><strong>Polsko-niemiecki projekt \u201eZdrowy tryb \u017cycia w zgodzie z natur\u0105\u201d <br> 03.06. &#8211; 06.06.2019 w I LO w Szczecinie<\/strong>. \ud83c\udf4e\ud83c\udf50\ud83c\udf52\ud83e\udd66\ud83e\udd38\u200d\u2640\ufe0f\ud83c\udfc4\u200d\u2640\ufe0f\ud83d\udeb4\u200d\u2640\ufe0f<\/p>\n\n\n\n<p> W dniach 03.06. &#8211; 06.06.2019.  grupa  uczni\u00f3w z partnerskiej szko\u0142y  Gymnasium Carolinum   z Neustrelitz przebywa\u0142a wraz z opiekunem w I  Liceum Og\u00f3lnokszta\u0142c\u0105cym w Szczecinie.<br>Podczas spotkania m\u0142odzie\u017c realizowa\u0142a projekt \u201eZdrowy tryb \u017cycia w zgodzie z natur\u0105\u201d.<br>Podczas gry miejskej  &#8222;Zdrowy Szczecin&#8221; zadaniem  grup projektowych  by\u0142o  odnalezienie i wykonanie dokumentacji zdj\u0119ciowej  obiekt\u00f3w  sportowych, sklep\u00f3w i lokali ze zdrow\u0105 \u017cywno\u015bci\u0105 w Szczecinie. Przy  okazji uczniowie poznawali najciekawsze miejsca w naszym mie\u015bcie.<br>Drugi dzie\u0144 projektu sp\u0119dzili\u015bmy w  Woli\u0144skim Parku Narodowym, w kt\u00f3rym  razem z instruktorem odbyli\u015bmy w\u0119dr\u00f3wk\u0119 na wybrze\u017ce klifowe, poznaj\u0105c  flor\u0119 i faun\u0119 wybrze\u017ca Ba\u0142tyku. Udali\u015bmy si\u0119 r\u00f3wnie\u017c do Zagrody  Pokazowej \u017bubr\u00f3w \u201d\u017bubrowisko\u201d. Spacer po Mi\u0119dzyzdrojach, pyszne lody i  relaks na pla\u017cy  zako\u0144czy\u0142y nasz pobyt nad morzem.<br>\u015arodowe przedpo\u0142udnie przebiega\u0142o pod znakiem zaj\u0119\u0107 ruchowych i kulinarnych. <br>Dzi\u0119ki nauczycielom WF-u \u2013 paniom Monice D\u0105browskiej i Jadwidze  St\u0105\u015bkiewicz \u2013 bawili\u015bmy si\u0119 \u015bwietnie ta\u0144cz\u0105c \u201eBelgijk\u0119\u201d oraz rywalizuj\u0105c  w r\u00f3\u017cnych konkurencjach sportowych.<br>Nast\u0119pnie grupy projektowe przygotowa\u0142y zdrowe sa\u0142atki z wcze\u015bniej zakupionych produkt\u00f3w. <br>Po wsp\u00f3lnym posi\u0142ku udali\u015bmy si\u0119 nad Jezioro G\u0142\u0119bokie, aby podczas  pleneru malarskiego utrwali\u0107 pi\u0119kno otaczaj\u0105cej nas naszej przyrody.  Wsp\u00f3lne zaj\u0119cia zako\u0144czyli\u015bmy ogniskiem na polanie sportowej. <br>W  ostatnim dniu pobytu grupa polsko-niemiecka mia\u0142a mo\u017cliwo\u015b\u0107 zwiedzi\u0107  now\u0105 wizyt\u00f3wk\u0119 Szczecina &#8211; gmach Filharmonii im. Mieczys\u0142awa Kar\u0142owicza w  Szczecinie, po kt\u00f3rej oprowadza\u0142a nas p. Kamila Matczak.<br>Wsp\u00f3lny spacer po mie\u015bcie zako\u0144czy\u0142 rewizyt\u0119 naszych przyjaci\u00f3\u0142 z Neustrelitz.<br>Projekt  zosta\u0142 dofinansowany  ze \u015brodk\u00f3w  Polsko-Niemieckiej  Wsp\u00f3\u0142pracy M\u0142odzie\u017cy   przy Stowarzyszeniu Gmin Polskich Euroregionu  Pomerania.<\/p>\n\n\n\n<figure class=\"wp-block-image\"><img loading=\"lazy\" decoding=\"async\" width=\"1024\" height=\"768\" src=\"http:\/\/lo1.szczecin.pl\/wp-content\/uploads\/2019\/06\/DSC03396-1024x768.jpg\" alt=\"\" class=\"wp-image-3040\" srcset=\"https:\/\/lo1.szczecin.pl\/wp-content\/uploads\/2019\/06\/DSC03396-1024x768.jpg 1024w, https:\/\/lo1.szczecin.pl\/wp-content\/uploads\/2019\/06\/DSC03396-300x225.jpg 300w, https:\/\/lo1.szczecin.pl\/wp-content\/uploads\/2019\/06\/DSC03396-768x576.jpg 768w\" sizes=\"auto, (max-width: 1024px) 100vw, 1024px\" \/><\/figure>\n\n\n\n<figure class=\"wp-block-image\"><img loading=\"lazy\" decoding=\"async\" width=\"1024\" height=\"576\" src=\"http:\/\/lo1.szczecin.pl\/wp-content\/uploads\/2019\/06\/DSC03468-1024x576.jpg\" alt=\"\" class=\"wp-image-3042\" srcset=\"https:\/\/lo1.szczecin.pl\/wp-content\/uploads\/2019\/06\/DSC03468-1024x576.jpg 1024w, https:\/\/lo1.szczecin.pl\/wp-content\/uploads\/2019\/06\/DSC03468-300x169.jpg 300w, https:\/\/lo1.szczecin.pl\/wp-content\/uploads\/2019\/06\/DSC03468-768x432.jpg 768w, https:\/\/lo1.szczecin.pl\/wp-content\/uploads\/2019\/06\/DSC03468.jpg 1920w\" sizes=\"auto, (max-width: 1024px) 100vw, 1024px\" \/><\/figure>\n","protected":false},"excerpt":{"rendered":"<p>Polsko-niemiecki projekt \u201eZdrowy tryb \u017cycia w zgodzie z natur\u0105\u201d 03.06. &#8211; 06.06.2019 w I LO w Szczecinie. \ud83c\udf4e\ud83c\udf50\ud83c\udf52\ud83e\udd66\ud83e\udd38\u200d\u2640\ufe0f\ud83c\udfc4\u200d\u2640\ufe0f\ud83d\udeb4\u200d\u2640\ufe0f W dniach 03.06. &#8211; 06.06.2019. grupa uczni\u00f3w z partnerskiej szko\u0142y Gymnasium Carolinum z Neustrelitz przebywa\u0142a wraz z opiekunem w I Liceum Og\u00f3lnokszta\u0142c\u0105cym w Szczecinie.Podczas spotkania m\u0142odzie\u017c realizowa\u0142a projekt \u201eZdrowy tryb \u017cycia w zgodzie z natur\u0105\u201d.Podczas gry miejskej [&hellip;]<\/p>\n","protected":false},"author":1,"featured_media":0,"comment_status":"closed","ping_status":"open","sticky":false,"template":"","format":"standard","meta":{"footnotes":""},"categories":[1],"tags":[],"class_list":["post-3039","post","type-post","status-publish","format-standard","hentry","category-bez-kategorii"],"_links":{"self":[{"href":"https:\/\/lo1.szczecin.pl\/index.php\/wp-json\/wp\/v2\/posts\/3039","targetHints":{"allow":["GET"]}}],"collection":[{"href":"https:\/\/lo1.szczecin.pl\/index.php\/wp-json\/wp\/v2\/posts"}],"about":[{"href":"https:\/\/lo1.szczecin.pl\/index.php\/wp-json\/wp\/v2\/types\/post"}],"author":[{"embeddable":true,"href":"https:\/\/lo1.szczecin.pl\/index.php\/wp-json\/wp\/v2\/users\/1"}],"replies":[{"embeddable":true,"href":"https:\/\/lo1.szczecin.pl\/index.php\/wp-json\/wp\/v2\/comments?post=3039"}],"version-history":[{"count":2,"href":"https:\/\/lo1.szczecin.pl\/index.php\/wp-json\/wp\/v2\/posts\/3039\/revisions"}],"predecessor-version":[{"id":3044,"href":"https:\/\/lo1.szczecin.pl\/index.php\/wp-json\/wp\/v2\/posts\/3039\/revisions\/3044"}],"wp:attachment":[{"href":"https:\/\/lo1.szczecin.pl\/index.php\/wp-json\/wp\/v2\/media?parent=3039"}],"wp:term":[{"taxonomy":"category","embeddable":true,"href":"https:\/\/lo1.szczecin.pl\/index.php\/wp-json\/wp\/v2\/categories?post=3039"},{"taxonomy":"post_tag","embeddable":true,"href":"https:\/\/lo1.szczecin.pl\/index.php\/wp-json\/wp\/v2\/tags?post=3039"}],"curies":[{"name":"wp","href":"https:\/\/api.w.org\/{rel}","templated":true}]}}