{"id":3267,"date":"2019-11-11T11:36:35","date_gmt":"2019-11-11T10:36:35","guid":{"rendered":"http:\/\/lo1.szczecin.pl\/?p=3267"},"modified":"2019-11-11T11:36:36","modified_gmt":"2019-11-11T10:36:36","slug":"zaczynamy-projekt-science-across-europe","status":"publish","type":"post","link":"https:\/\/lo1.szczecin.pl\/index.php\/2019\/11\/11\/zaczynamy-projekt-science-across-europe\/","title":{"rendered":"Zaczynamy projekt &#8222;Science across Europe&#8221;!"},"content":{"rendered":"\n<p>Uczniowie naszej szko\u0142y przyst\u0105pili do projektu Erasmus+ &#8222;Science across Europe&#8221;, kt\u00f3rego celem jest szerzenie informacji dotycz\u0105cych \u017ar\u00f3de\u0142 energii odnawialnych w krajach partnerskich. Pracujemy z m\u0142odzie\u017c\u0105 z Hiszpanii, Niemiec i Norwegii. W dniach 10.11-16.11 uczniowie z klas 2a i 2b wyjechali do Hiszpanii, gdzie naucz\u0105 si\u0119 &#8211; pracuj\u0105c w mi\u0119dzynarodowych grupach i uczestnicz\u0105c w r\u00f3\u017cnych prelekcjach &#8211; wszystkiego co dotyczy energii s\u0142onecznej. Ca\u0142\u0105 grup\u0119 projektow\u0105 b\u0119dziemy go\u015bci\u0107 w naszym liceum ju\u017c w kwietniu. <\/p>\n\n\n\n<div class=\"wp-block-image\"><figure class=\"aligncenter\"><img loading=\"lazy\" decoding=\"async\" width=\"1024\" height=\"769\" src=\"http:\/\/lo1.szczecin.pl\/wp-content\/uploads\/2019\/11\/74836799_2498493097092014_5928030259847888896_o-1024x769.jpg\" alt=\"\" class=\"wp-image-3268\" srcset=\"https:\/\/lo1.szczecin.pl\/wp-content\/uploads\/2019\/11\/74836799_2498493097092014_5928030259847888896_o-1024x769.jpg 1024w, https:\/\/lo1.szczecin.pl\/wp-content\/uploads\/2019\/11\/74836799_2498493097092014_5928030259847888896_o-300x225.jpg 300w, https:\/\/lo1.szczecin.pl\/wp-content\/uploads\/2019\/11\/74836799_2498493097092014_5928030259847888896_o-768x577.jpg 768w, https:\/\/lo1.szczecin.pl\/wp-content\/uploads\/2019\/11\/74836799_2498493097092014_5928030259847888896_o.jpg 1440w\" sizes=\"auto, (max-width: 1024px) 100vw, 1024px\" \/><\/figure><\/div>\n","protected":false},"excerpt":{"rendered":"<p>Uczniowie naszej szko\u0142y przyst\u0105pili do projektu Erasmus+ &#8222;Science across Europe&#8221;, kt\u00f3rego celem jest szerzenie informacji dotycz\u0105cych \u017ar\u00f3de\u0142 energii odnawialnych w krajach partnerskich. Pracujemy z m\u0142odzie\u017c\u0105 z Hiszpanii, Niemiec i Norwegii. W dniach 10.11-16.11 uczniowie z klas 2a i 2b wyjechali do Hiszpanii, gdzie naucz\u0105 si\u0119 &#8211; pracuj\u0105c w mi\u0119dzynarodowych grupach i uczestnicz\u0105c w r\u00f3\u017cnych prelekcjach [&hellip;]<\/p>\n","protected":false},"author":1,"featured_media":0,"comment_status":"closed","ping_status":"open","sticky":false,"template":"","format":"standard","meta":{"footnotes":""},"categories":[1],"tags":[],"class_list":["post-3267","post","type-post","status-publish","format-standard","hentry","category-bez-kategorii"],"_links":{"self":[{"href":"https:\/\/lo1.szczecin.pl\/index.php\/wp-json\/wp\/v2\/posts\/3267","targetHints":{"allow":["GET"]}}],"collection":[{"href":"https:\/\/lo1.szczecin.pl\/index.php\/wp-json\/wp\/v2\/posts"}],"about":[{"href":"https:\/\/lo1.szczecin.pl\/index.php\/wp-json\/wp\/v2\/types\/post"}],"author":[{"embeddable":true,"href":"https:\/\/lo1.szczecin.pl\/index.php\/wp-json\/wp\/v2\/users\/1"}],"replies":[{"embeddable":true,"href":"https:\/\/lo1.szczecin.pl\/index.php\/wp-json\/wp\/v2\/comments?post=3267"}],"version-history":[{"count":1,"href":"https:\/\/lo1.szczecin.pl\/index.php\/wp-json\/wp\/v2\/posts\/3267\/revisions"}],"predecessor-version":[{"id":3269,"href":"https:\/\/lo1.szczecin.pl\/index.php\/wp-json\/wp\/v2\/posts\/3267\/revisions\/3269"}],"wp:attachment":[{"href":"https:\/\/lo1.szczecin.pl\/index.php\/wp-json\/wp\/v2\/media?parent=3267"}],"wp:term":[{"taxonomy":"category","embeddable":true,"href":"https:\/\/lo1.szczecin.pl\/index.php\/wp-json\/wp\/v2\/categories?post=3267"},{"taxonomy":"post_tag","embeddable":true,"href":"https:\/\/lo1.szczecin.pl\/index.php\/wp-json\/wp\/v2\/tags?post=3267"}],"curies":[{"name":"wp","href":"https:\/\/api.w.org\/{rel}","templated":true}]}}