{"id":3456,"date":"2020-03-10T14:00:11","date_gmt":"2020-03-10T13:00:11","guid":{"rendered":"http:\/\/lo1.szczecin.pl\/?p=3456"},"modified":"2020-03-10T14:32:31","modified_gmt":"2020-03-10T13:32:31","slug":"udane-warsztaty","status":"publish","type":"post","link":"https:\/\/lo1.szczecin.pl\/index.php\/2020\/03\/10\/udane-warsztaty\/","title":{"rendered":"Za nami PAFI"},"content":{"rendered":"\n<p>Po raz pierwszy w I Liceum Og\u00f3lnokszta\u0142c\u0105cym im. Marii Sk\u0142odowskiej-Curie w Szczecinie odby\u0142y si\u0119 warsztaty teatralne przeprowadzone w ramach <strong>I Polsko-Angielskiego Festiwalu Interpretacji<\/strong>. Uczniowie szk\u00f3\u0142 ponadgimnazjalnych i ponadpodstawowych wojew\u00f3dztwa zachodniopomorskiego (m.in. Szczecinek, Chojna, Trzebiat\u00f3w, Goleni\u00f3w, Drawsko Pomorskie i Szczecin) pracowali w sze\u015bciu grupach warsztatowych prowadzonych przez Janusza Janiszewskiego (Klub \u201e13 Muz\u201d) i nauczycieli I LO w Szczecinie przygotowuj\u0105c w\u0142asne etiudy teatralne na podstawie tekst\u00f3w poetyckich autor\u00f3w polskich t\u0142umaczonych na j\u0119zyk angielski i autor\u00f3w angloj\u0119zycznych t\u0142umaczonych na j\u0119zyk polski. Celem warsztat\u00f3w by\u0142o przygotowanie uczni\u00f3w do konkursu interpretacji (czas: 31 marca 2020 roku o godz. 10.00, miejsce:&nbsp; Klub \u201e13 Muz\u201d). Jurorzy wy\u0142oni\u0105 najlepszych interpretator\u00f3w, kt\u00f3rzy 18 kwietnia w Klubie \u201e13 Muz\u201d b\u0119d\u0105 mogli zaprezentowa\u0107 swoje umiej\u0119tno\u015bci w ramach Koncertu Laureat\u00f3w (wyst\u0105pi\u0105 w nim r\u00f3wnie\u017c uczniowie klas teatralnych I LO). <\/p>\n\n\n\n<p><strong>Organizatorzy:<\/strong> I Liceum Og\u00f3lnokszta\u0142c\u0105ce im. Marii Sk\u0142odowskiej-Curie w Szczecinie, Wydzia\u0142 Humanistyczny Uniwersytetu Szczeci\u0144skiego<br><strong>Partner<\/strong>: Klub \u201e13 Muz\u201d<br><strong>Patronat:<\/strong> Marsza\u0142ek Wojew\u00f3dztwa Zachodniopomorskiego, Prezydent Miasta Szczecin, Towarzystwo Literackie im. Adama Mickiewicza, Stowarzyszenie Port Szczecin<br><strong>Podzi\u0119kowania<\/strong> dla Rady Rodzic\u00f3w I Liceum Og\u00f3lnokszta\u0142c\u0105cego w Szczecinie za sfinansowanie pocz\u0119stunku dla m\u0142odzie\u017cy i ich nauczycieli bior\u0105cych udzia\u0142 w warsztatach i konkursie. <\/p>\n\n\n\n<div class=\"wp-block-image\"><figure class=\"aligncenter size-large\"><img loading=\"lazy\" decoding=\"async\" width=\"1024\" height=\"683\" src=\"http:\/\/lo1.szczecin.pl\/wp-content\/uploads\/2020\/03\/Warsztaty-LO1-1-of-22-1024x683.jpg\" alt=\"\" class=\"wp-image-3457\" srcset=\"https:\/\/lo1.szczecin.pl\/wp-content\/uploads\/2020\/03\/Warsztaty-LO1-1-of-22-1024x683.jpg 1024w, https:\/\/lo1.szczecin.pl\/wp-content\/uploads\/2020\/03\/Warsztaty-LO1-1-of-22-300x200.jpg 300w, https:\/\/lo1.szczecin.pl\/wp-content\/uploads\/2020\/03\/Warsztaty-LO1-1-of-22-768x512.jpg 768w, https:\/\/lo1.szczecin.pl\/wp-content\/uploads\/2020\/03\/Warsztaty-LO1-1-of-22-1536x1024.jpg 1536w, https:\/\/lo1.szczecin.pl\/wp-content\/uploads\/2020\/03\/Warsztaty-LO1-1-of-22-2048x1365.jpg 2048w\" sizes=\"auto, (max-width: 1024px) 100vw, 1024px\" \/><\/figure><\/div>\n\n\n\n<div class=\"wp-block-image\"><figure class=\"aligncenter size-large is-resized\"><img loading=\"lazy\" decoding=\"async\" src=\"http:\/\/lo1.szczecin.pl\/wp-content\/uploads\/2020\/03\/Dok1-1-1024x724.jpg\" alt=\"\" class=\"wp-image-3458\" width=\"512\" height=\"362\" srcset=\"https:\/\/lo1.szczecin.pl\/wp-content\/uploads\/2020\/03\/Dok1-1-1024x724.jpg 1024w, https:\/\/lo1.szczecin.pl\/wp-content\/uploads\/2020\/03\/Dok1-1-300x212.jpg 300w, https:\/\/lo1.szczecin.pl\/wp-content\/uploads\/2020\/03\/Dok1-1-768x543.jpg 768w, https:\/\/lo1.szczecin.pl\/wp-content\/uploads\/2020\/03\/Dok1-1-1536x1086.jpg 1536w, https:\/\/lo1.szczecin.pl\/wp-content\/uploads\/2020\/03\/Dok1-1-2048x1448.jpg 2048w\" sizes=\"auto, (max-width: 512px) 100vw, 512px\" \/><\/figure><\/div>\n","protected":false},"excerpt":{"rendered":"<p>Po raz pierwszy w I Liceum Og\u00f3lnokszta\u0142c\u0105cym im. Marii Sk\u0142odowskiej-Curie w Szczecinie odby\u0142y si\u0119 warsztaty teatralne przeprowadzone w ramach I Polsko-Angielskiego Festiwalu Interpretacji. Uczniowie szk\u00f3\u0142 ponadgimnazjalnych i ponadpodstawowych wojew\u00f3dztwa zachodniopomorskiego (m.in. Szczecinek, Chojna, Trzebiat\u00f3w, Goleni\u00f3w, Drawsko Pomorskie i Szczecin) pracowali w sze\u015bciu grupach warsztatowych prowadzonych przez Janusza Janiszewskiego (Klub \u201e13 Muz\u201d) i nauczycieli I LO [&hellip;]<\/p>\n","protected":false},"author":1,"featured_media":0,"comment_status":"closed","ping_status":"open","sticky":false,"template":"","format":"standard","meta":{"footnotes":""},"categories":[1],"tags":[],"class_list":["post-3456","post","type-post","status-publish","format-standard","hentry","category-bez-kategorii"],"_links":{"self":[{"href":"https:\/\/lo1.szczecin.pl\/index.php\/wp-json\/wp\/v2\/posts\/3456","targetHints":{"allow":["GET"]}}],"collection":[{"href":"https:\/\/lo1.szczecin.pl\/index.php\/wp-json\/wp\/v2\/posts"}],"about":[{"href":"https:\/\/lo1.szczecin.pl\/index.php\/wp-json\/wp\/v2\/types\/post"}],"author":[{"embeddable":true,"href":"https:\/\/lo1.szczecin.pl\/index.php\/wp-json\/wp\/v2\/users\/1"}],"replies":[{"embeddable":true,"href":"https:\/\/lo1.szczecin.pl\/index.php\/wp-json\/wp\/v2\/comments?post=3456"}],"version-history":[{"count":2,"href":"https:\/\/lo1.szczecin.pl\/index.php\/wp-json\/wp\/v2\/posts\/3456\/revisions"}],"predecessor-version":[{"id":3461,"href":"https:\/\/lo1.szczecin.pl\/index.php\/wp-json\/wp\/v2\/posts\/3456\/revisions\/3461"}],"wp:attachment":[{"href":"https:\/\/lo1.szczecin.pl\/index.php\/wp-json\/wp\/v2\/media?parent=3456"}],"wp:term":[{"taxonomy":"category","embeddable":true,"href":"https:\/\/lo1.szczecin.pl\/index.php\/wp-json\/wp\/v2\/categories?post=3456"},{"taxonomy":"post_tag","embeddable":true,"href":"https:\/\/lo1.szczecin.pl\/index.php\/wp-json\/wp\/v2\/tags?post=3456"}],"curies":[{"name":"wp","href":"https:\/\/api.w.org\/{rel}","templated":true}]}}