{"id":3664,"date":"2020-06-24T14:09:40","date_gmt":"2020-06-24T12:09:40","guid":{"rendered":"http:\/\/lo1.szczecin.pl\/?p=3664"},"modified":"2020-06-26T13:11:56","modified_gmt":"2020-06-26T11:11:56","slug":"3664","status":"publish","type":"post","link":"https:\/\/lo1.szczecin.pl\/index.php\/2020\/06\/24\/3664\/","title":{"rendered":"Komunikat"},"content":{"rendered":"\n<p class=\"has-text-align-center\">\ud83d\udccc<strong> Uwaga\u203c\ufe0f<br>Szanowni Pa\u0144stwo Absolwenci, cz\u0142onkowie Stowarzyszenia im. Janiny Szczerskiej,<\/strong> serdecznie zapraszamy na walne zgromadzenie cz\u0142onk\u00f3w Stowarzyszenia, kt\u00f3re odb\u0119dzie si\u0119 <br><strong>30 czerwca 2020 o godz.17.00 w auli I LO w Szczecinie al. Piast\u00f3w 12.<\/strong><br>\u27a1\ufe0f Apelujemy o zachowanie obowi\u0105zuj\u0105cego re\u017cimu sanitarnego (zas\u0142anianie ust i nosa, dezynfekcja d\u0142oni, zachowanie 2 m spo\u0142ecznego dystansu).<\/p>\n","protected":false},"excerpt":{"rendered":"<p>\ud83d\udccc Uwaga\u203c\ufe0fSzanowni Pa\u0144stwo Absolwenci, cz\u0142onkowie Stowarzyszenia im. Janiny Szczerskiej, serdecznie zapraszamy na walne zgromadzenie cz\u0142onk\u00f3w Stowarzyszenia, kt\u00f3re odb\u0119dzie si\u0119 30 czerwca 2020 o godz.17.00 w auli I LO w Szczecinie al. Piast\u00f3w 12.\u27a1\ufe0f Apelujemy o zachowanie obowi\u0105zuj\u0105cego re\u017cimu sanitarnego (zas\u0142anianie ust i nosa, dezynfekcja d\u0142oni, zachowanie 2 m spo\u0142ecznego dystansu).<\/p>\n","protected":false},"author":1,"featured_media":0,"comment_status":"closed","ping_status":"open","sticky":false,"template":"","format":"standard","meta":{"footnotes":""},"categories":[1],"tags":[],"class_list":["post-3664","post","type-post","status-publish","format-standard","hentry","category-bez-kategorii"],"_links":{"self":[{"href":"https:\/\/lo1.szczecin.pl\/index.php\/wp-json\/wp\/v2\/posts\/3664","targetHints":{"allow":["GET"]}}],"collection":[{"href":"https:\/\/lo1.szczecin.pl\/index.php\/wp-json\/wp\/v2\/posts"}],"about":[{"href":"https:\/\/lo1.szczecin.pl\/index.php\/wp-json\/wp\/v2\/types\/post"}],"author":[{"embeddable":true,"href":"https:\/\/lo1.szczecin.pl\/index.php\/wp-json\/wp\/v2\/users\/1"}],"replies":[{"embeddable":true,"href":"https:\/\/lo1.szczecin.pl\/index.php\/wp-json\/wp\/v2\/comments?post=3664"}],"version-history":[{"count":4,"href":"https:\/\/lo1.szczecin.pl\/index.php\/wp-json\/wp\/v2\/posts\/3664\/revisions"}],"predecessor-version":[{"id":3668,"href":"https:\/\/lo1.szczecin.pl\/index.php\/wp-json\/wp\/v2\/posts\/3664\/revisions\/3668"}],"wp:attachment":[{"href":"https:\/\/lo1.szczecin.pl\/index.php\/wp-json\/wp\/v2\/media?parent=3664"}],"wp:term":[{"taxonomy":"category","embeddable":true,"href":"https:\/\/lo1.szczecin.pl\/index.php\/wp-json\/wp\/v2\/categories?post=3664"},{"taxonomy":"post_tag","embeddable":true,"href":"https:\/\/lo1.szczecin.pl\/index.php\/wp-json\/wp\/v2\/tags?post=3664"}],"curies":[{"name":"wp","href":"https:\/\/api.w.org\/{rel}","templated":true}]}}