{"id":3669,"date":"2020-06-26T13:17:06","date_gmt":"2020-06-26T11:17:06","guid":{"rendered":"http:\/\/lo1.szczecin.pl\/?p=3669"},"modified":"2020-06-26T13:20:38","modified_gmt":"2020-06-26T11:20:38","slug":"witamy-zasluzone-wakacje","status":"publish","type":"post","link":"https:\/\/lo1.szczecin.pl\/index.php\/2020\/06\/26\/witamy-zasluzone-wakacje\/","title":{"rendered":"Drodzy Uczniowie, Rodzice, Nauczyciele"},"content":{"rendered":"\n<p>\u27a1\ufe0f Mamy za sob\u0105 wiele miesi\u0119cy wyt\u0119\u017conej pracy. By\u0142 to wyj\u0105tkowo trudny rok, w kt\u00f3rym nieraz trzeba by\u0142o stawi\u0107 czo\u0142a r\u00f3\u017cnym przeszkodom i wyzwaniom. Jednak mimo trwaj\u0105cej epidemii, walczyli\u015bcie o zdobycie wiedzy i osi\u0105gali\u015bcie sukcesy. <strong>Gratulujemy Wam wszystkim wynik\u00f3w w nauce, jeste\u015bmy z Was bardzo dumni!<\/strong> <img loading=\"lazy\" decoding=\"async\" width=\"16\" height=\"16\" src=\"https:\/\/static.xx.fbcdn.net\/images\/emoji.php\/v9\/t4c\/1\/16\/1f642.png\" alt=\"\"><\/p>\n\n\n\n<p>\u27a1\ufe0f Podzi\u0119kowania kierujemy r\u00f3wnie\u017c do Nauczycieli, Rady Rodzic\u00f3w oraz do wszystkich rodzic\u00f3w, kt\u00f3rym zale\u017cy na dobru swoich dzieci, a naszych uczni\u00f3w. Dzi\u0119kujemy za Wasz\u0105 pomoc, wsparcie, prac\u0119 i zaanga\u017cowanie w ich rozw\u00f3j, a tak\u017ce za trud w\u0142o\u017cony w zdaln\u0105 edukacj\u0119.<\/p>\n\n\n\n<p>                            <strong>\u017byczymy wszystkim udanych wakacji! <\/strong>\ud83c\udf1e<br>Wypoczywajcie i gromad\u017acie si\u0142y na nast\u0119pny rok szkolny. Nigdy jednak nie zapominajcie o bezpiecze\u0144stwie. B\u0105d\u017acie rado\u015bni i swobodni, ale jednocze\u015bnie rozwa\u017cni, przewiduj\u0105cy i ostro\u017cni. Wszyscy pragniemy spotka\u0107 si\u0119 we wrze\u015bniu zdrowi i szcz\u0119\u015bliwi, mamy nadziej\u0119, \u017ce ju\u017c w normalnej, a nie \u201ezdalnej\u201d rzeczywisto\u015bci. <strong>Do zobaczenia!<\/strong><\/p>\n\n\n\n<p>                                                                                              <strong>   Dyrekcja szko\u0142y<\/strong><\/p>\n\n\n\n<div class=\"wp-block-image\"><figure class=\"aligncenter size-large is-resized\"><img loading=\"lazy\" decoding=\"async\" src=\"http:\/\/lo1.szczecin.pl\/wp-content\/uploads\/2020\/06\/64663489_2381162268825098_7101300327365738496_n.jpg\" alt=\"\" class=\"wp-image-3672\" width=\"487\" height=\"324\" srcset=\"https:\/\/lo1.szczecin.pl\/wp-content\/uploads\/2020\/06\/64663489_2381162268825098_7101300327365738496_n.jpg 960w, https:\/\/lo1.szczecin.pl\/wp-content\/uploads\/2020\/06\/64663489_2381162268825098_7101300327365738496_n-300x200.jpg 300w, https:\/\/lo1.szczecin.pl\/wp-content\/uploads\/2020\/06\/64663489_2381162268825098_7101300327365738496_n-768x512.jpg 768w\" sizes=\"auto, (max-width: 487px) 100vw, 487px\" \/><figcaption><strong>\u017begnamy rok szkolny 2019\/2020!<\/strong><\/figcaption><\/figure><\/div>\n","protected":false},"excerpt":{"rendered":"<p>\u27a1\ufe0f Mamy za sob\u0105 wiele miesi\u0119cy wyt\u0119\u017conej pracy. By\u0142 to wyj\u0105tkowo trudny rok, w kt\u00f3rym nieraz trzeba by\u0142o stawi\u0107 czo\u0142a r\u00f3\u017cnym przeszkodom i wyzwaniom. Jednak mimo trwaj\u0105cej epidemii, walczyli\u015bcie o zdobycie wiedzy i osi\u0105gali\u015bcie sukcesy. Gratulujemy Wam wszystkim wynik\u00f3w w nauce, jeste\u015bmy z Was bardzo dumni! \u27a1\ufe0f Podzi\u0119kowania kierujemy r\u00f3wnie\u017c do Nauczycieli, Rady Rodzic\u00f3w oraz [&hellip;]<\/p>\n","protected":false},"author":1,"featured_media":0,"comment_status":"closed","ping_status":"open","sticky":false,"template":"","format":"standard","meta":{"footnotes":""},"categories":[1],"tags":[],"class_list":["post-3669","post","type-post","status-publish","format-standard","hentry","category-bez-kategorii"],"_links":{"self":[{"href":"https:\/\/lo1.szczecin.pl\/index.php\/wp-json\/wp\/v2\/posts\/3669","targetHints":{"allow":["GET"]}}],"collection":[{"href":"https:\/\/lo1.szczecin.pl\/index.php\/wp-json\/wp\/v2\/posts"}],"about":[{"href":"https:\/\/lo1.szczecin.pl\/index.php\/wp-json\/wp\/v2\/types\/post"}],"author":[{"embeddable":true,"href":"https:\/\/lo1.szczecin.pl\/index.php\/wp-json\/wp\/v2\/users\/1"}],"replies":[{"embeddable":true,"href":"https:\/\/lo1.szczecin.pl\/index.php\/wp-json\/wp\/v2\/comments?post=3669"}],"version-history":[{"count":4,"href":"https:\/\/lo1.szczecin.pl\/index.php\/wp-json\/wp\/v2\/posts\/3669\/revisions"}],"predecessor-version":[{"id":3676,"href":"https:\/\/lo1.szczecin.pl\/index.php\/wp-json\/wp\/v2\/posts\/3669\/revisions\/3676"}],"wp:attachment":[{"href":"https:\/\/lo1.szczecin.pl\/index.php\/wp-json\/wp\/v2\/media?parent=3669"}],"wp:term":[{"taxonomy":"category","embeddable":true,"href":"https:\/\/lo1.szczecin.pl\/index.php\/wp-json\/wp\/v2\/categories?post=3669"},{"taxonomy":"post_tag","embeddable":true,"href":"https:\/\/lo1.szczecin.pl\/index.php\/wp-json\/wp\/v2\/tags?post=3669"}],"curies":[{"name":"wp","href":"https:\/\/api.w.org\/{rel}","templated":true}]}}