{"id":3687,"date":"2020-07-13T11:32:59","date_gmt":"2020-07-13T09:32:59","guid":{"rendered":"http:\/\/lo1.szczecin.pl\/?p=3687"},"modified":"2020-07-13T13:23:31","modified_gmt":"2020-07-13T11:23:31","slug":"wydanie-swiadectw-maturalnych","status":"publish","type":"post","link":"https:\/\/lo1.szczecin.pl\/index.php\/2020\/07\/13\/wydanie-swiadectw-maturalnych\/","title":{"rendered":"Wydanie \u015bwiadectw maturalnych"},"content":{"rendered":"\n<p><strong>UWAGA  ABSOLWENCI <img loading=\"lazy\" decoding=\"async\" width=\"16\" height=\"16\" alt=\"\u203c\ufe0f\" src=\"https:\/\/static.xx.fbcdn.net\/images\/emoji.php\/v9\/t77\/1\/16\/203c.png\"><\/strong><br><strong>Termin wydania zdaj\u0105cym \u015bwiadectw, aneks\u00f3w i informacji o wynikach egzaminu dojrza\u0142o\u015bci 11 sierpnia 2020 r<\/strong>. (aula szkolna) wg. nast\u0119puj\u0105cego harmonogramu: <br><strong>godz. 11.00<\/strong> &#8211; klasa 3a wraz z wychowawc\u0105 <br><strong>godz. 11.30<\/strong> &#8211; klasa 3 b wraz z wychowawc\u0105 <br><strong>godz. 12.00<\/strong> &#8211; klasa 3 c wraz z wychowawc\u0105 <br><strong>godz. 12.30<\/strong> &#8211; klasa 3 d wraz z wychowawc\u0105 <br><strong>godz. 13.00<\/strong> &#8211; klasa 3 e wraz z wychowawc\u0105 <br><strong>godz. 13.30<\/strong> &#8211; klasa 3 f wraz z wychowawc\u0105 <br><strong>godz. 14.00<\/strong> &#8211; klasa 3 g wraz z wychowawc\u0105 <br>Wr\u0119czenie odb\u0119dzie si\u0119 w auli szkolnej, z zachowaniem wymog\u00f3w bezpiecze\u0144stwa epidemicznego (obowi\u0105zkowe zas\u0142anianie twarzy i nosa maseczk\u0105 oraz dezynfekcja r\u0105k). Miejsca w auli nale\u017cy zajmowa\u0107 zachowuj\u0105c bezpieczn\u0105 odleg\u0142o\u015b\u0107 (min. 1,5 m). <br>Jednocze\u015bnie informujemy, \u017ce \u015bwiadectwa nale\u017cy odebra\u0107 osobi\u015bcie. W innych przypadkach obowi\u0105zuje upowa\u017cnienie. Przypominamy o obowi\u0105zku posiadania dowodu to\u017csamo\u015bci.<\/p>\n","protected":false},"excerpt":{"rendered":"<p>UWAGA ABSOLWENCI Termin wydania zdaj\u0105cym \u015bwiadectw, aneks\u00f3w i informacji o wynikach egzaminu dojrza\u0142o\u015bci 11 sierpnia 2020 r. (aula szkolna) wg. nast\u0119puj\u0105cego harmonogramu: godz. 11.00 &#8211; klasa 3a wraz z wychowawc\u0105 godz. 11.30 &#8211; klasa 3 b wraz z wychowawc\u0105 godz. 12.00 &#8211; klasa 3 c wraz z wychowawc\u0105 godz. 12.30 &#8211; klasa 3 d wraz [&hellip;]<\/p>\n","protected":false},"author":1,"featured_media":0,"comment_status":"closed","ping_status":"open","sticky":false,"template":"","format":"standard","meta":{"footnotes":""},"categories":[1],"tags":[],"class_list":["post-3687","post","type-post","status-publish","format-standard","hentry","category-bez-kategorii"],"_links":{"self":[{"href":"https:\/\/lo1.szczecin.pl\/index.php\/wp-json\/wp\/v2\/posts\/3687","targetHints":{"allow":["GET"]}}],"collection":[{"href":"https:\/\/lo1.szczecin.pl\/index.php\/wp-json\/wp\/v2\/posts"}],"about":[{"href":"https:\/\/lo1.szczecin.pl\/index.php\/wp-json\/wp\/v2\/types\/post"}],"author":[{"embeddable":true,"href":"https:\/\/lo1.szczecin.pl\/index.php\/wp-json\/wp\/v2\/users\/1"}],"replies":[{"embeddable":true,"href":"https:\/\/lo1.szczecin.pl\/index.php\/wp-json\/wp\/v2\/comments?post=3687"}],"version-history":[{"count":3,"href":"https:\/\/lo1.szczecin.pl\/index.php\/wp-json\/wp\/v2\/posts\/3687\/revisions"}],"predecessor-version":[{"id":3693,"href":"https:\/\/lo1.szczecin.pl\/index.php\/wp-json\/wp\/v2\/posts\/3687\/revisions\/3693"}],"wp:attachment":[{"href":"https:\/\/lo1.szczecin.pl\/index.php\/wp-json\/wp\/v2\/media?parent=3687"}],"wp:term":[{"taxonomy":"category","embeddable":true,"href":"https:\/\/lo1.szczecin.pl\/index.php\/wp-json\/wp\/v2\/categories?post=3687"},{"taxonomy":"post_tag","embeddable":true,"href":"https:\/\/lo1.szczecin.pl\/index.php\/wp-json\/wp\/v2\/tags?post=3687"}],"curies":[{"name":"wp","href":"https:\/\/api.w.org\/{rel}","templated":true}]}}