{"id":3696,"date":"2020-07-17T14:12:37","date_gmt":"2020-07-17T12:12:37","guid":{"rendered":"http:\/\/lo1.szczecin.pl\/?p=3696"},"modified":"2020-07-17T14:12:39","modified_gmt":"2020-07-17T12:12:39","slug":"komunikat-6","status":"publish","type":"post","link":"https:\/\/lo1.szczecin.pl\/index.php\/2020\/07\/17\/komunikat-6\/","title":{"rendered":"Komunikat"},"content":{"rendered":"\n<p><img loading=\"lazy\" decoding=\"async\" width=\"16\" height=\"16\" alt=\"\u23f0\" src=\"https:\/\/static.xx.fbcdn.net\/images\/emoji.php\/v9\/t34\/1\/16\/23f0.png\"><strong>  GODZINY PRACY SEKRETARIATU W OKRESIE WAKACYJNYM<br><\/strong><img loading=\"lazy\" decoding=\"async\" width=\"16\" height=\"16\" alt=\"\u2705\" src=\"https:\/\/static.xx.fbcdn.net\/images\/emoji.php\/v9\/t33\/1\/16\/2705.png\">  Z powodu przerwy urlopowej w dniach od 20 lipca (poniedzia\u0142ek) do 31 lipca (pi\u0105tek) 2020 r. sekretariat NIECZYNNY.<br><img loading=\"lazy\" decoding=\"async\" width=\"16\" height=\"16\" alt=\"\u2705\" src=\"https:\/\/static.xx.fbcdn.net\/images\/emoji.php\/v9\/t33\/1\/16\/2705.png\"> Pilne sprawy przyjmowane b\u0119d\u0105 podczas dy\u017cury dyrekcji w godzinach od 10.00 do 14.00. <br><img loading=\"lazy\" decoding=\"async\" width=\"16\" height=\"16\" alt=\"\u2705\" src=\"https:\/\/static.xx.fbcdn.net\/images\/emoji.php\/v9\/t33\/1\/16\/2705.png\"> Komisja rekrutacyjna pracuje wed\u0142ug obowi\u0105zuj\u0105cego harmonogramu niezale\u017cnie od sekretariatu<\/p>\n","protected":false},"excerpt":{"rendered":"<p>GODZINY PRACY SEKRETARIATU W OKRESIE WAKACYJNYM Z powodu przerwy urlopowej w dniach od 20 lipca (poniedzia\u0142ek) do 31 lipca (pi\u0105tek) 2020 r. sekretariat NIECZYNNY. Pilne sprawy przyjmowane b\u0119d\u0105 podczas dy\u017cury dyrekcji w godzinach od 10.00 do 14.00. Komisja rekrutacyjna pracuje wed\u0142ug obowi\u0105zuj\u0105cego harmonogramu niezale\u017cnie od sekretariatu<\/p>\n","protected":false},"author":1,"featured_media":0,"comment_status":"closed","ping_status":"open","sticky":false,"template":"","format":"standard","meta":{"footnotes":""},"categories":[1],"tags":[],"class_list":["post-3696","post","type-post","status-publish","format-standard","hentry","category-bez-kategorii"],"_links":{"self":[{"href":"https:\/\/lo1.szczecin.pl\/index.php\/wp-json\/wp\/v2\/posts\/3696","targetHints":{"allow":["GET"]}}],"collection":[{"href":"https:\/\/lo1.szczecin.pl\/index.php\/wp-json\/wp\/v2\/posts"}],"about":[{"href":"https:\/\/lo1.szczecin.pl\/index.php\/wp-json\/wp\/v2\/types\/post"}],"author":[{"embeddable":true,"href":"https:\/\/lo1.szczecin.pl\/index.php\/wp-json\/wp\/v2\/users\/1"}],"replies":[{"embeddable":true,"href":"https:\/\/lo1.szczecin.pl\/index.php\/wp-json\/wp\/v2\/comments?post=3696"}],"version-history":[{"count":1,"href":"https:\/\/lo1.szczecin.pl\/index.php\/wp-json\/wp\/v2\/posts\/3696\/revisions"}],"predecessor-version":[{"id":3697,"href":"https:\/\/lo1.szczecin.pl\/index.php\/wp-json\/wp\/v2\/posts\/3696\/revisions\/3697"}],"wp:attachment":[{"href":"https:\/\/lo1.szczecin.pl\/index.php\/wp-json\/wp\/v2\/media?parent=3696"}],"wp:term":[{"taxonomy":"category","embeddable":true,"href":"https:\/\/lo1.szczecin.pl\/index.php\/wp-json\/wp\/v2\/categories?post=3696"},{"taxonomy":"post_tag","embeddable":true,"href":"https:\/\/lo1.szczecin.pl\/index.php\/wp-json\/wp\/v2\/tags?post=3696"}],"curies":[{"name":"wp","href":"https:\/\/api.w.org\/{rel}","templated":true}]}}