{"id":3716,"date":"2020-08-07T10:36:42","date_gmt":"2020-08-07T08:36:42","guid":{"rendered":"http:\/\/lo1.szczecin.pl\/?p=3716"},"modified":"2020-08-07T10:36:44","modified_gmt":"2020-08-07T08:36:44","slug":"uwaga-kandydaci-do-klas-i-2","status":"publish","type":"post","link":"https:\/\/lo1.szczecin.pl\/index.php\/2020\/08\/07\/uwaga-kandydaci-do-klas-i-2\/","title":{"rendered":"Uwaga kandydaci do klas I"},"content":{"rendered":"\n<p>Dnia <strong>12 sierpnia 2020 r. o godz. 12.00<\/strong> zostanie podana lista kandydat\u00f3w zakwalifikowanych i niezakwalifikowanych do oddzia\u0142\u00f3w klasy pierwszej I LO.Wyniki dost\u0119pne w szkole pierwszego wyboru lub po zalogowaniu na stronie <strong><a rel=\"noreferrer noopener\" href=\"https:\/\/l.facebook.com\/l.php?u=http%3A%2F%2Fwww.nabor.pcss.pl%2Fszczecin%3Ffbclid%3DIwAR0GnCCJzxh7DM9ViCKLI-4iD8tsz9BJI-ckCLhLH5gMZ2ovxa79X76X6Zw&amp;h=AT1bpUnN7tOP_z1BqaoQIcshrh0rWRjQe5UCoRpOxY3AXgDcewwBq48nOq6B5PHQ30FeLGSqNDk5JUWpZYW-spKUd5vdO6tJ9vWd6DrkMLnLaIKQwxpe9CvFCJST0-7EXQ&amp;__tn__=-UK-R&amp;c[0]=AT1pdUGJO5WWJKu7AbBKHDsT1tuJ0EC7uv27n8f0FKnzEkxX2K1sGx2SYdDcDyYqkVtSGPD1Wt0Y24cJe8cT8y3MNklgpUeiCH9Frplv0DEe_WtaHmBb4LQj3HkY1fWJ8pcFdekHDPiXVWIfNxQERbwic7G7zNfDw7siAys4Ww\" target=\"_blank\">www.nabor.pcss.pl\/szczecin<\/a>.<\/strong><br><img loading=\"lazy\" decoding=\"async\" width=\"16\" height=\"16\" alt=\"\ud83d\udccc\" src=\"https:\/\/static.xx.fbcdn.net\/images\/emoji.php\/v9\/tac\/1\/16\/1f4cc.png\"><strong>od 13 sierpnia do 18 sierpnia 2020 r. w godz. od 8.00 do godz. 15.00 &#8211;<\/strong> Kandydat potwierdza wol\u0119 nauki w tej szkole, do kt\u00f3rej zosta\u0142 zakwalifikowany w formie przed\u0142o\u017cenia kompletu orygina\u0142\u00f3w dokument\u00f3w, kt\u00f3re zosta\u0142y z\u0142o\u017cone elektronicznie w post\u0119powaniu rekrutacyjnym, w szczeg\u00f3lno\u015bci:<br><img loading=\"lazy\" decoding=\"async\" width=\"16\" height=\"16\" alt=\"\u27a1\ufe0f\" src=\"https:\/\/static.xx.fbcdn.net\/images\/emoji.php\/v9\/t9e\/1\/16\/27a1.png\">orygina\u0142u \u015bwiadectwa uko\u0144czenia szko\u0142y podstawowej <br><img loading=\"lazy\" decoding=\"async\" width=\"16\" height=\"16\" alt=\"\u27a1\ufe0f\" src=\"https:\/\/static.xx.fbcdn.net\/images\/emoji.php\/v9\/t9e\/1\/16\/27a1.png\">orygina\u0142u za\u015bwiadczenia o wynikach egzaminu \u00f3smoklasisty.<br><strong>Pami\u0119taj<\/strong><img loading=\"lazy\" decoding=\"async\" width=\"16\" height=\"16\" alt=\"\u203c\ufe0f\" src=\"https:\/\/static.xx.fbcdn.net\/images\/emoji.php\/v9\/t77\/1\/16\/203c.png\"> Je\u015bli kandydat nie potwierdzi woli nauki nie zostanie przyj\u0119ty do szko\u0142y!<\/p>\n","protected":false},"excerpt":{"rendered":"<p>Dnia 12 sierpnia 2020 r. o godz. 12.00 zostanie podana lista kandydat\u00f3w zakwalifikowanych i niezakwalifikowanych do oddzia\u0142\u00f3w klasy pierwszej I LO.Wyniki dost\u0119pne w szkole pierwszego wyboru lub po zalogowaniu na stronie www.nabor.pcss.pl\/szczecin.od 13 sierpnia do 18 sierpnia 2020 r. w godz. od 8.00 do godz. 15.00 &#8211; Kandydat potwierdza wol\u0119 nauki w tej szkole, do [&hellip;]<\/p>\n","protected":false},"author":1,"featured_media":0,"comment_status":"closed","ping_status":"open","sticky":false,"template":"","format":"standard","meta":{"footnotes":""},"categories":[1],"tags":[],"class_list":["post-3716","post","type-post","status-publish","format-standard","hentry","category-bez-kategorii"],"_links":{"self":[{"href":"https:\/\/lo1.szczecin.pl\/index.php\/wp-json\/wp\/v2\/posts\/3716","targetHints":{"allow":["GET"]}}],"collection":[{"href":"https:\/\/lo1.szczecin.pl\/index.php\/wp-json\/wp\/v2\/posts"}],"about":[{"href":"https:\/\/lo1.szczecin.pl\/index.php\/wp-json\/wp\/v2\/types\/post"}],"author":[{"embeddable":true,"href":"https:\/\/lo1.szczecin.pl\/index.php\/wp-json\/wp\/v2\/users\/1"}],"replies":[{"embeddable":true,"href":"https:\/\/lo1.szczecin.pl\/index.php\/wp-json\/wp\/v2\/comments?post=3716"}],"version-history":[{"count":1,"href":"https:\/\/lo1.szczecin.pl\/index.php\/wp-json\/wp\/v2\/posts\/3716\/revisions"}],"predecessor-version":[{"id":3717,"href":"https:\/\/lo1.szczecin.pl\/index.php\/wp-json\/wp\/v2\/posts\/3716\/revisions\/3717"}],"wp:attachment":[{"href":"https:\/\/lo1.szczecin.pl\/index.php\/wp-json\/wp\/v2\/media?parent=3716"}],"wp:term":[{"taxonomy":"category","embeddable":true,"href":"https:\/\/lo1.szczecin.pl\/index.php\/wp-json\/wp\/v2\/categories?post=3716"},{"taxonomy":"post_tag","embeddable":true,"href":"https:\/\/lo1.szczecin.pl\/index.php\/wp-json\/wp\/v2\/tags?post=3716"}],"curies":[{"name":"wp","href":"https:\/\/api.w.org\/{rel}","templated":true}]}}