{"id":3723,"date":"2020-08-23T21:57:03","date_gmt":"2020-08-23T19:57:03","guid":{"rendered":"http:\/\/lo1.szczecin.pl\/?p=3723"},"modified":"2020-08-23T21:57:05","modified_gmt":"2020-08-23T19:57:05","slug":"rady-pedagogiczne-spotkania-z-rodzicami-oraz-organizacja-rozpoczecia-roku-szkolnego-2020-2021","status":"publish","type":"post","link":"https:\/\/lo1.szczecin.pl\/index.php\/2020\/08\/23\/rady-pedagogiczne-spotkania-z-rodzicami-oraz-organizacja-rozpoczecia-roku-szkolnego-2020-2021\/","title":{"rendered":"Rady pedagogiczne, spotkania z rodzicami oraz organizacja rozpocz\u0119cia roku szkolnego 2020\/2021"},"content":{"rendered":"\n<p><strong><span class=\"has-inline-color has-vivid-red-color\">UWAGA! WSZYSTKIE SPOTKANIA ODBYWAJ\u0104 SI\u0118 Z ZACHOWANIEM RYGORU SANITARNEGO.<\/span><\/strong><br><strong>DO SZKO\u0141Y WCHODZIMY WEJ\u015aCIEM G\u0141\u00d3WNYM OD AL. PIAST\u00d3W, NATOMIAST WYCHODZIMY WYJ\u015aCIEM NA BOISKO<\/strong><br><img loading=\"lazy\" decoding=\"async\" width=\"16\" height=\"16\" alt=\"\u27a1\ufe0f\" src=\"https:\/\/static.xx.fbcdn.net\/images\/emoji.php\/v9\/t9e\/1\/16\/27a1.png\"> <strong>31 SIERPNIA 2020r. (poniedzia\u0142ek) godz. 9.00-10.30<\/strong> \u2013 aula \u2013 szkoleniowa Rada Pedagogiczna z kszta\u0142cenia na odleg\u0142o\u015b\u0107 (na platformie Microsoft Teams)<br><img loading=\"lazy\" decoding=\"async\" width=\"16\" height=\"16\" alt=\"\u27a1\ufe0f\" src=\"https:\/\/static.xx.fbcdn.net\/images\/emoji.php\/v9\/t9e\/1\/16\/27a1.png\"><strong> godz. 11.00 \u2013 13.30 <\/strong>\u2013 aula \u2013 plenarne posiedzenie Rady Pedagogicznej. Zatwierdzenie planu pracy szko\u0142y na rok 2020\/2021.<\/p>\n\n\n\n<p><img loading=\"lazy\" decoding=\"async\" width=\"16\" height=\"16\" alt=\"\u27a1\ufe0f\" src=\"https:\/\/static.xx.fbcdn.net\/images\/emoji.php\/v9\/t9e\/1\/16\/27a1.png\"> <strong>01 WRZE\u015aNIA 2020r. (wtorek)<\/strong><br><img loading=\"lazy\" decoding=\"async\" width=\"16\" height=\"16\" alt=\"\ud83d\udccc\" src=\"https:\/\/static.xx.fbcdn.net\/images\/emoji.php\/v9\/tac\/1\/16\/1f4cc.png\"> <strong>godz. 9.00 \u2013 10.00 <\/strong>\u2013 aula- wr\u0119czenie nagr\u00f3d uczniom klas II i III za szczeg\u00f3lne osi\u0105gni\u0119cia edukacyjne w roku szkolny 2019\/2020. Serdecznie zapraszamy wszystkich nagrodzonych wraz z wychowawcami.<br><img loading=\"lazy\" decoding=\"async\" width=\"16\" height=\"16\" alt=\"\ud83d\udccc\" src=\"https:\/\/static.xx.fbcdn.net\/images\/emoji.php\/v9\/tac\/1\/16\/1f4cc.png\"> <strong>godz. 10.30 \u2013 11.00<\/strong> \u2013 aula \u2013 spotkanie uczni\u00f3w klas <strong>1A, 1B<\/strong> z wychowawcami i dyrekcj\u0105. Nast\u0119pnie przej\u015bcie do sal lekcyjnych na spotkanie z wychowawc\u0105: <br>&#8211; kl.1A \u2013 sala 13 (1 pi\u0119tro)<br>&#8211; kl. 1B \u2013 sala 24 (2 pi\u0119tro)<br><img loading=\"lazy\" decoding=\"async\" width=\"16\" height=\"16\" alt=\"\ud83d\udccc\" src=\"https:\/\/static.xx.fbcdn.net\/images\/emoji.php\/v9\/tac\/1\/16\/1f4cc.png\"> <strong>godz. 11.15\u2013 11.45<\/strong> \u2013 aula \u2013 spotkanie uczni\u00f3w klas <strong>1C, 1D<\/strong> z wychowawcami i dyrekcj\u0105. Nast\u0119pnie przej\u015bcie do sal lekcyjnych na spotkanie z wychowawc\u0105:<br>&#8211; kl.1C \u2013 sala 21 (2 pi\u0119tro)<br>&#8211; kl. 1D \u2013 sala 11 (1 pi\u0119tro)<br><img loading=\"lazy\" decoding=\"async\" width=\"16\" height=\"16\" alt=\"\ud83d\udccc\" src=\"https:\/\/static.xx.fbcdn.net\/images\/emoji.php\/v9\/tac\/1\/16\/1f4cc.png\"><strong> godz. 12.00 \u2013 12.30<\/strong> \u2013 aula \u2013 spotkanie uczni\u00f3w klas <strong>1E, 1F<\/strong> z wychowawcami i dyrekcj\u0105. Nast\u0119pnie przej\u015bcie do sal lekcyjnych na spotkanie z wychowawc\u0105:<br>&#8211; kl.1E \u2013 sala 1 (parter)<br>&#8211; kl. 1F \u2013 sala 15 (1 pi\u0119tro)<br><br><img loading=\"lazy\" decoding=\"async\" width=\"16\" height=\"16\" alt=\"\ud83d\udccc\" src=\"https:\/\/static.xx.fbcdn.net\/images\/emoji.php\/v9\/tac\/1\/16\/1f4cc.png\"> <strong>godz. 11.00 \u2013 <span class=\"has-inline-color has-vivid-red-color\">SPOTKANIE WYCHOWAWC\u00d3W KLAS DRUGICH i TRZECICH Z UCZNIAMI KLAS WYCHOWAWCZYCH W TRYBIE ZDALNYM<\/span><\/strong><br><br><strong><img loading=\"lazy\" decoding=\"async\" width=\"16\" height=\"16\" alt=\"\u27a1\ufe0f\" src=\"https:\/\/static.xx.fbcdn.net\/images\/emoji.php\/v9\/t9e\/1\/16\/27a1.png\"> 02 WRZE\u015aNIA 2020r. (\u015aRODA)<\/strong><br><strong><span class=\"has-inline-color has-vivid-red-color\">UWAGA<img loading=\"lazy\" decoding=\"async\" width=\"16\" height=\"16\" alt=\"\u203c\ufe0f\" src=\"https:\/\/static.xx.fbcdn.net\/images\/emoji.php\/v9\/t77\/1\/16\/203c.png\"> UCZNIA REPREZENTUJE JEDEN RODZIC (Z PRZYCZYN EPIDEMICZNYCH)<\/span><\/strong><br><img loading=\"lazy\" decoding=\"async\" width=\"16\" height=\"16\" alt=\"\ud83d\udccc\" src=\"https:\/\/static.xx.fbcdn.net\/images\/emoji.php\/v9\/tac\/1\/16\/1f4cc.png\"> <strong>GODZ. 17.00 \u2013 17.30 <\/strong>&#8211; Spotkanie rodzic\u00f3w uczni\u00f3w klas <strong>1A, 1B, 1C <\/strong>z dyrekcj\u0105 w auli szko\u0142y, nast\u0119pnie przej\u015bcie do sal lekcyjnych na spotkanie z wychowawcami:<br>&#8211; 1A \u2013 sala 13<br>&#8211; 1B \u2013 sala 24<br>&#8211; 1C \u2013 sala 21 <br><img loading=\"lazy\" decoding=\"async\" width=\"16\" height=\"16\" alt=\"\ud83d\udccc\" src=\"https:\/\/static.xx.fbcdn.net\/images\/emoji.php\/v9\/tac\/1\/16\/1f4cc.png\"> <strong>GODZ. 17.45\u2013 18.30<\/strong> &#8211; Spotkanie rodzic\u00f3w uczni\u00f3w klas <strong>1D, 1E, 1F<\/strong> z dyrekcj\u0105 w auli szko\u0142y, nast\u0119pnie przej\u015bcie do sal lekcyjnych na spotkanie z wychowawcami:<br>&#8211; 1D \u2013 sala 11<br>&#8211; 1E \u2013 sala 1<br>&#8211; 1F \u2013 sala 15<\/p>\n","protected":false},"excerpt":{"rendered":"<p>UWAGA! WSZYSTKIE SPOTKANIA ODBYWAJ\u0104 SI\u0118 Z ZACHOWANIEM RYGORU SANITARNEGO.DO SZKO\u0141Y WCHODZIMY WEJ\u015aCIEM G\u0141\u00d3WNYM OD AL. PIAST\u00d3W, NATOMIAST WYCHODZIMY WYJ\u015aCIEM NA BOISKO 31 SIERPNIA 2020r. (poniedzia\u0142ek) godz. 9.00-10.30 \u2013 aula \u2013 szkoleniowa Rada Pedagogiczna z kszta\u0142cenia na odleg\u0142o\u015b\u0107 (na platformie Microsoft Teams) godz. 11.00 \u2013 13.30 \u2013 aula \u2013 plenarne posiedzenie Rady Pedagogicznej. Zatwierdzenie planu pracy [&hellip;]<\/p>\n","protected":false},"author":1,"featured_media":0,"comment_status":"closed","ping_status":"open","sticky":false,"template":"","format":"standard","meta":{"footnotes":""},"categories":[1],"tags":[],"class_list":["post-3723","post","type-post","status-publish","format-standard","hentry","category-bez-kategorii"],"_links":{"self":[{"href":"https:\/\/lo1.szczecin.pl\/index.php\/wp-json\/wp\/v2\/posts\/3723","targetHints":{"allow":["GET"]}}],"collection":[{"href":"https:\/\/lo1.szczecin.pl\/index.php\/wp-json\/wp\/v2\/posts"}],"about":[{"href":"https:\/\/lo1.szczecin.pl\/index.php\/wp-json\/wp\/v2\/types\/post"}],"author":[{"embeddable":true,"href":"https:\/\/lo1.szczecin.pl\/index.php\/wp-json\/wp\/v2\/users\/1"}],"replies":[{"embeddable":true,"href":"https:\/\/lo1.szczecin.pl\/index.php\/wp-json\/wp\/v2\/comments?post=3723"}],"version-history":[{"count":2,"href":"https:\/\/lo1.szczecin.pl\/index.php\/wp-json\/wp\/v2\/posts\/3723\/revisions"}],"predecessor-version":[{"id":3725,"href":"https:\/\/lo1.szczecin.pl\/index.php\/wp-json\/wp\/v2\/posts\/3723\/revisions\/3725"}],"wp:attachment":[{"href":"https:\/\/lo1.szczecin.pl\/index.php\/wp-json\/wp\/v2\/media?parent=3723"}],"wp:term":[{"taxonomy":"category","embeddable":true,"href":"https:\/\/lo1.szczecin.pl\/index.php\/wp-json\/wp\/v2\/categories?post=3723"},{"taxonomy":"post_tag","embeddable":true,"href":"https:\/\/lo1.szczecin.pl\/index.php\/wp-json\/wp\/v2\/tags?post=3723"}],"curies":[{"name":"wp","href":"https:\/\/api.w.org\/{rel}","templated":true}]}}