{"id":3963,"date":"2020-12-30T00:56:01","date_gmt":"2020-12-29T23:56:01","guid":{"rendered":"http:\/\/lo1.szczecin.pl\/?p=3963"},"modified":"2020-12-30T00:56:02","modified_gmt":"2020-12-29T23:56:02","slug":"komunikat-8","status":"publish","type":"post","link":"https:\/\/lo1.szczecin.pl\/index.php\/2020\/12\/30\/komunikat-8\/","title":{"rendered":"Komunikat"},"content":{"rendered":"\n<p>Boisko &#8222;Orlik&#8221; w okresie ferii:|<br><img loading=\"lazy\" decoding=\"async\" width=\"16\" height=\"16\" alt=\"\u2705\" src=\"https:\/\/static.xx.fbcdn.net\/images\/emoji.php\/v9\/tba\/1.5\/16\/2705.png\"> w dniach 4,5,7 i 8 stycznia 2021r. czynne w godz. 11 &#8211; 16 &#8211; bez nadzoru animatora<br><img loading=\"lazy\" decoding=\"async\" width=\"16\" height=\"16\" alt=\"\u2705\" src=\"https:\/\/static.xx.fbcdn.net\/images\/emoji.php\/v9\/tba\/1.5\/16\/2705.png\"> w dniach 11 &#8211; 15 stycznia 2021r. czynne w godz. 14 &#8211; 22 &#8211; pod nadzorem animatora<br><img loading=\"lazy\" decoding=\"async\" width=\"16\" height=\"16\" alt=\"\u203c\" src=\"https:\/\/static.xx.fbcdn.net\/images\/emoji.php\/v9\/tfe\/1.5\/16\/203c.png\"> Dzieci i m\u0142odzie\u017c do lat 16, do godz. 16-tej &#8211; wst\u0119p na boisko &#8222;Orlik&#8221; tylko pod opiek\u0105 osoby doros\u0142ej.<\/p>\n","protected":false},"excerpt":{"rendered":"<p>Boisko &#8222;Orlik&#8221; w okresie ferii:| w dniach 4,5,7 i 8 stycznia 2021r. czynne w godz. 11 &#8211; 16 &#8211; bez nadzoru animatora w dniach 11 &#8211; 15 stycznia 2021r. czynne w godz. 14 &#8211; 22 &#8211; pod nadzorem animatora Dzieci i m\u0142odzie\u017c do lat 16, do godz. 16-tej &#8211; wst\u0119p na boisko &#8222;Orlik&#8221; tylko pod [&hellip;]<\/p>\n","protected":false},"author":1,"featured_media":0,"comment_status":"closed","ping_status":"open","sticky":false,"template":"","format":"standard","meta":{"footnotes":""},"categories":[1],"tags":[],"class_list":["post-3963","post","type-post","status-publish","format-standard","hentry","category-bez-kategorii"],"_links":{"self":[{"href":"https:\/\/lo1.szczecin.pl\/index.php\/wp-json\/wp\/v2\/posts\/3963","targetHints":{"allow":["GET"]}}],"collection":[{"href":"https:\/\/lo1.szczecin.pl\/index.php\/wp-json\/wp\/v2\/posts"}],"about":[{"href":"https:\/\/lo1.szczecin.pl\/index.php\/wp-json\/wp\/v2\/types\/post"}],"author":[{"embeddable":true,"href":"https:\/\/lo1.szczecin.pl\/index.php\/wp-json\/wp\/v2\/users\/1"}],"replies":[{"embeddable":true,"href":"https:\/\/lo1.szczecin.pl\/index.php\/wp-json\/wp\/v2\/comments?post=3963"}],"version-history":[{"count":1,"href":"https:\/\/lo1.szczecin.pl\/index.php\/wp-json\/wp\/v2\/posts\/3963\/revisions"}],"predecessor-version":[{"id":3964,"href":"https:\/\/lo1.szczecin.pl\/index.php\/wp-json\/wp\/v2\/posts\/3963\/revisions\/3964"}],"wp:attachment":[{"href":"https:\/\/lo1.szczecin.pl\/index.php\/wp-json\/wp\/v2\/media?parent=3963"}],"wp:term":[{"taxonomy":"category","embeddable":true,"href":"https:\/\/lo1.szczecin.pl\/index.php\/wp-json\/wp\/v2\/categories?post=3963"},{"taxonomy":"post_tag","embeddable":true,"href":"https:\/\/lo1.szczecin.pl\/index.php\/wp-json\/wp\/v2\/tags?post=3963"}],"curies":[{"name":"wp","href":"https:\/\/api.w.org\/{rel}","templated":true}]}}