{"id":3967,"date":"2021-01-04T22:49:23","date_gmt":"2021-01-04T21:49:23","guid":{"rendered":"http:\/\/lo1.szczecin.pl\/?p=3967"},"modified":"2021-01-05T11:39:20","modified_gmt":"2021-01-05T10:39:20","slug":"zmiany-na-egzaminie-maturalnym","status":"publish","type":"post","link":"https:\/\/lo1.szczecin.pl\/index.php\/2021\/01\/04\/zmiany-na-egzaminie-maturalnym\/","title":{"rendered":"Zmiany na egzaminie maturalnym"},"content":{"rendered":"\n<p>Na podstawie Rozporz\u0105dzenia Ministra Edukacji i Nauki z dnia 16 grudnia 2020 r. dotycz\u0105cego zmian na egzaminie maturalnym 2021, informujemy, \u017ce zmianom uleg\u0142y wymagania egzaminacyjne. Najwa\u017cniejsze z nich to:<\/p>\n\n\n\n<ul class=\"wp-block-list\"><li><strong>brak obowi\u0105zkowego ustnego egzaminu maturalnego z j\u0119zyka polskiego i j\u0119zyk\u00f3w obcych.<\/strong> UWAGA &#8211; absolwenci, kt\u00f3rym wynik cz\u0119\u015bci ustnej jest potrzebny w post\u0119powaniu rekrutacyjnym na uczelnie zagraniczne, b\u0119d\u0105 mogli do niej przyst\u0105pi\u0107 na sw\u00f3j wniosek. Co do zasady, zak\u0142adamy , \u017ce ten egzamin si\u0119 nie odb\u0119dzie (potrzebny wniosek z uzasadnieniem),<\/li><li><strong>nie b\u0119dzie obowi\u0105zku przyst\u0105pienia do egzaminu maturalnego z jednego przedmiotu dodatkowego na poziomie rozszerzonym.<\/strong> Oczywi\u015bcie zdaj\u0105cy mo\u017ce przyst\u0105pi\u0107 do egzaminu nawet z 6 przedmiot\u00f3w dodatkowych, je\u017celi potrzebuje wynik\u00f3w w post\u0119powaniu rekrutacyjnym do szko\u0142y wy\u017cszej,<\/li><li>nast\u0105pi zmniejszenie wymaga\u0144 egzaminacyjnych na przedmiotach podstawowych.<\/li><\/ul>\n\n\n\n<p><strong>W zwi\u0105zku z tym informujemy, \u017ce mo\u017cliwe jest wprowadzenie zmian w z\u0142o\u017conej deklaracji maturalnej. Z przyczyn organizacyjnych, bardzo prosimy, by dokona\u0107 tego do 29 stycznia (szko\u0142a jest czynna tak\u017ce w okresie ferii w godz. 8.00 &#8211; 15.00). <\/strong><br><span class=\"has-inline-color has-vivid-red-color\"><strong>Ostatecznym terminem pozostaje 7 luty 20<\/strong><\/span><strong><span class=\"has-inline-color has-vivid-red-color\">21 r.<\/span><\/strong><\/p>\n\n\n\n<p><strong>Aneksy CKE <a href=\"https:\/\/cke.gov.pl\/egzamin-maturalny\/egzamin-w-nowej-formule\/komunikaty-i-informacje\/\">https:\/\/cke.gov.pl\/egzamin-maturalny\/egzamin-w-nowej-formule\/komunikaty-i-informacje\/<\/a><\/strong><\/p>\n\n\n\n<div class=\"wp-block-file\"><a href=\"http:\/\/lo1.szczecin.pl\/wp-content\/uploads\/2021\/01\/Prezentacja_\u2013_wymagania_na_egzaminach_osmoklasisty_i_maturalnym.pdf\"><strong>Prezentacja_\u2013_wymagania_na_egzaminie_i_maturalnym<\/strong><\/a><a href=\"http:\/\/lo1.szczecin.pl\/wp-content\/uploads\/2021\/01\/Prezentacja_\u2013_wymagania_na_egzaminach_osmoklasisty_i_maturalnym.pdf\" class=\"wp-block-file__button\" download>Pobierz<\/a><\/div>\n\n\n\n<figure class=\"wp-block-image size-large\"><img loading=\"lazy\" decoding=\"async\" width=\"1024\" height=\"432\" src=\"http:\/\/lo1.szczecin.pl\/wp-content\/uploads\/2021\/01\/1920x810-1024x432.png\" alt=\"\" class=\"wp-image-3971\" srcset=\"https:\/\/lo1.szczecin.pl\/wp-content\/uploads\/2021\/01\/1920x810-1024x432.png 1024w, https:\/\/lo1.szczecin.pl\/wp-content\/uploads\/2021\/01\/1920x810-300x127.png 300w, https:\/\/lo1.szczecin.pl\/wp-content\/uploads\/2021\/01\/1920x810-768x324.png 768w, https:\/\/lo1.szczecin.pl\/wp-content\/uploads\/2021\/01\/1920x810-1536x648.png 1536w, https:\/\/lo1.szczecin.pl\/wp-content\/uploads\/2021\/01\/1920x810.png 1920w\" sizes=\"auto, (max-width: 1024px) 100vw, 1024px\" \/><\/figure>\n","protected":false},"excerpt":{"rendered":"<p>Na podstawie Rozporz\u0105dzenia Ministra Edukacji i Nauki z dnia 16 grudnia 2020 r. dotycz\u0105cego zmian na egzaminie maturalnym 2021, informujemy, \u017ce zmianom uleg\u0142y wymagania egzaminacyjne. Najwa\u017cniejsze z nich to: brak obowi\u0105zkowego ustnego egzaminu maturalnego z j\u0119zyka polskiego i j\u0119zyk\u00f3w obcych. UWAGA &#8211; absolwenci, kt\u00f3rym wynik cz\u0119\u015bci ustnej jest potrzebny w post\u0119powaniu rekrutacyjnym na uczelnie zagraniczne, [&hellip;]<\/p>\n","protected":false},"author":1,"featured_media":0,"comment_status":"closed","ping_status":"open","sticky":false,"template":"","format":"standard","meta":{"footnotes":""},"categories":[1],"tags":[],"class_list":["post-3967","post","type-post","status-publish","format-standard","hentry","category-bez-kategorii"],"_links":{"self":[{"href":"https:\/\/lo1.szczecin.pl\/index.php\/wp-json\/wp\/v2\/posts\/3967","targetHints":{"allow":["GET"]}}],"collection":[{"href":"https:\/\/lo1.szczecin.pl\/index.php\/wp-json\/wp\/v2\/posts"}],"about":[{"href":"https:\/\/lo1.szczecin.pl\/index.php\/wp-json\/wp\/v2\/types\/post"}],"author":[{"embeddable":true,"href":"https:\/\/lo1.szczecin.pl\/index.php\/wp-json\/wp\/v2\/users\/1"}],"replies":[{"embeddable":true,"href":"https:\/\/lo1.szczecin.pl\/index.php\/wp-json\/wp\/v2\/comments?post=3967"}],"version-history":[{"count":6,"href":"https:\/\/lo1.szczecin.pl\/index.php\/wp-json\/wp\/v2\/posts\/3967\/revisions"}],"predecessor-version":[{"id":3978,"href":"https:\/\/lo1.szczecin.pl\/index.php\/wp-json\/wp\/v2\/posts\/3967\/revisions\/3978"}],"wp:attachment":[{"href":"https:\/\/lo1.szczecin.pl\/index.php\/wp-json\/wp\/v2\/media?parent=3967"}],"wp:term":[{"taxonomy":"category","embeddable":true,"href":"https:\/\/lo1.szczecin.pl\/index.php\/wp-json\/wp\/v2\/categories?post=3967"},{"taxonomy":"post_tag","embeddable":true,"href":"https:\/\/lo1.szczecin.pl\/index.php\/wp-json\/wp\/v2\/tags?post=3967"}],"curies":[{"name":"wp","href":"https:\/\/api.w.org\/{rel}","templated":true}]}}