{"id":4028,"date":"2021-02-18T15:05:02","date_gmt":"2021-02-18T14:05:02","guid":{"rendered":"http:\/\/lo1.szczecin.pl\/?p=4028"},"modified":"2021-02-24T22:12:51","modified_gmt":"2021-02-24T21:12:51","slug":"wyniki-konkursu-oto-ja-2","status":"publish","type":"post","link":"https:\/\/lo1.szczecin.pl\/index.php\/2021\/02\/18\/wyniki-konkursu-oto-ja-2\/","title":{"rendered":"Wyniki konkursu Oto ja"},"content":{"rendered":"\n<p><span class=\"has-inline-color has-vivid-red-color\"><strong><u>Wyniki XIII WOJEW\u00d3DZKIEGO KONKURSU LITERACKIEGO <em>OTO JA<\/em><\/u><\/strong> pod honorowym patronatem <strong>Marsza\u0142ka Wojew\u00f3dztwa Zachodniopomorskiego<\/strong> oraz <strong>Zachodniopomorskiego Kuratora O\u015bwiaty<\/strong><\/span><\/p>\n\n\n\n<p>Zwyci\u0119zcami dwunastej edycji konkursu literackiego, kt\u00f3ry w roku szkolnym 2020\/2021 nosi\u0142 tytu\u0142 <strong><em>Oto ja i media, <\/em><\/strong>zostali:<\/p>\n\n\n\n<ul class=\"wp-block-list\"><li>w kategorii: <strong><em>SP1<\/em> (klasy IV- VI): *<\/strong><br><strong><u>Katarzyna Czapla <\/u><\/strong>i<strong> Oliwia Czernia<\/strong>, opiekun: p. Magdalena Nizio\u0142&nbsp; (PSP w Bezrzeczu)<br><strong><u>Jakub Macioszek<\/u><\/strong>, opiekun: p. Ewa Skobelska- Romaniec (SP 55 w Szczecinie)<\/li><\/ul>\n\n\n\n<ul class=\"wp-block-list\"><li>w kategorii: <strong><em>SP2<\/em> (klasy VII- VIII )<\/strong>: <strong>*<\/strong><\/li><\/ul>\n\n\n\n<p><strong><u>Amelia Wawrzonek <\/u><\/strong>i<strong> Miron Grabowski<\/strong>, opiekun: p. Mariola Wiater (SP w Radziszewie)<br><strong><u>Olimpia Mo\u015bcicka<\/u><\/strong>, opiekun: p. Anna W\u00f3jcik (POSM II stopnia w Szczecinie)<br><strong><u>Alicja Ma\u0142aszczycka<\/u><\/strong>, opiekun: p. Magdalena Nizio\u0142&nbsp; (PSP w Bezrzeczu)<br><strong><u>Miko\u0142aj Marek <\/u><\/strong>i <strong>Maja Mazur<\/strong>, opiekun: p. Joanna Marek&nbsp; (SP 3 w \u0141obzie)<br><strong>Hanna Fija\u0142kowska<\/strong>,opiekun p. Klaudia Szostak&nbsp; (SP 53 w Szczecinie)<br><strong>Maja \u0141apeci\u0144ska<\/strong>, opiekun: p. Anna Szkarapata (SP w Bielicach)<\/p>\n\n\n\n<ul class=\"wp-block-list\"><li>w kategorii: <strong><em>PP <\/em>(szko\u0142y ponadpodstawowe)<\/strong>: <strong>*<\/strong><\/li><\/ul>\n\n\n\n<p><strong>Dawid Ko\u015bcielny<\/strong>, opiekun: Katarzyna Krzy\u017cewska&nbsp; (II LO w Szczecinie)<br><strong>Aleksandra Wyszczelska <\/strong>i<strong> Kacper Pelo<\/strong>, opiekun: p. Beata Podle\u015bna (I LO w Stargardzie)<br><strong>Weronika Pniewska i Oliwia Czarnecka<\/strong>, opiekun: p. Jolanta Kortiak- Gulbinowicz&nbsp; (ZS nr 1 w Goleniowie)<\/p>\n\n\n\n<p><strong><span class=\"has-inline-color has-vivid-red-color\">* kolejno\u015b\u0107 nazwisk nie odpowiada przyznanym miejscom<\/span><\/strong><br><strong>Nagrody dla zwyci\u0119zc\u00f3w konkursu zostan\u0105 dostarczone do szk\u00f3\u0142 najprawdopodobniej do 30 marca 2021 r.<\/strong><\/p>\n","protected":false},"excerpt":{"rendered":"<p>Wyniki XIII WOJEW\u00d3DZKIEGO KONKURSU LITERACKIEGO OTO JA pod honorowym patronatem Marsza\u0142ka Wojew\u00f3dztwa Zachodniopomorskiego oraz Zachodniopomorskiego Kuratora O\u015bwiaty Zwyci\u0119zcami dwunastej edycji konkursu literackiego, kt\u00f3ry w roku szkolnym 2020\/2021 nosi\u0142 tytu\u0142 Oto ja i media, zostali: w kategorii: SP1 (klasy IV- VI): *Katarzyna Czapla i Oliwia Czernia, opiekun: p. Magdalena Nizio\u0142&nbsp; (PSP w Bezrzeczu)Jakub Macioszek, opiekun: p. [&hellip;]<\/p>\n","protected":false},"author":1,"featured_media":0,"comment_status":"closed","ping_status":"open","sticky":false,"template":"","format":"standard","meta":{"footnotes":""},"categories":[1],"tags":[],"class_list":["post-4028","post","type-post","status-publish","format-standard","hentry","category-bez-kategorii"],"_links":{"self":[{"href":"https:\/\/lo1.szczecin.pl\/index.php\/wp-json\/wp\/v2\/posts\/4028","targetHints":{"allow":["GET"]}}],"collection":[{"href":"https:\/\/lo1.szczecin.pl\/index.php\/wp-json\/wp\/v2\/posts"}],"about":[{"href":"https:\/\/lo1.szczecin.pl\/index.php\/wp-json\/wp\/v2\/types\/post"}],"author":[{"embeddable":true,"href":"https:\/\/lo1.szczecin.pl\/index.php\/wp-json\/wp\/v2\/users\/1"}],"replies":[{"embeddable":true,"href":"https:\/\/lo1.szczecin.pl\/index.php\/wp-json\/wp\/v2\/comments?post=4028"}],"version-history":[{"count":4,"href":"https:\/\/lo1.szczecin.pl\/index.php\/wp-json\/wp\/v2\/posts\/4028\/revisions"}],"predecessor-version":[{"id":4045,"href":"https:\/\/lo1.szczecin.pl\/index.php\/wp-json\/wp\/v2\/posts\/4028\/revisions\/4045"}],"wp:attachment":[{"href":"https:\/\/lo1.szczecin.pl\/index.php\/wp-json\/wp\/v2\/media?parent=4028"}],"wp:term":[{"taxonomy":"category","embeddable":true,"href":"https:\/\/lo1.szczecin.pl\/index.php\/wp-json\/wp\/v2\/categories?post=4028"},{"taxonomy":"post_tag","embeddable":true,"href":"https:\/\/lo1.szczecin.pl\/index.php\/wp-json\/wp\/v2\/tags?post=4028"}],"curies":[{"name":"wp","href":"https:\/\/api.w.org\/{rel}","templated":true}]}}