{"id":4048,"date":"2021-02-24T22:35:52","date_gmt":"2021-02-24T21:35:52","guid":{"rendered":"http:\/\/lo1.szczecin.pl\/?p=4048"},"modified":"2021-02-24T22:38:14","modified_gmt":"2021-02-24T21:38:14","slug":"uwaga-maturzysci","status":"publish","type":"post","link":"https:\/\/lo1.szczecin.pl\/index.php\/2021\/02\/24\/uwaga-maturzysci\/","title":{"rendered":"Uwaga Maturzy\u015bci"},"content":{"rendered":"\n<p><strong><span class=\"has-inline-color has-vivid-red-color\">Informujemy, \u017ce w dniach 3-16 marca odb\u0119dzie si\u0119 test diagnostyczny w zakresie poziomu przygotowania uczni\u00f3w do egzaminu maturalnego (tzw. pr\u00f3bny egzamin maturalny). <\/span><\/strong><br>Centralna Komisja Egzaminacyjna udost\u0119pni materia\u0142y do przeprowadzenia testu diagnostycznego w zakresie poziomu przygotowania uczni\u00f3w do egzaminu maturalnego z poszczeg\u00f3lnych przedmiot\u00f3w na wszystkich poziomach. Harmonogram CKE poni\u017cej.<br><strong>Szczeg\u00f3\u0142y przeprowadzenia pr\u00f3bnego egzaminy maturalnego w I LO ju\u017c wkr\u00f3tce<\/strong>.<\/p>\n\n\n\n<div class=\"wp-block-file\"><a href=\"http:\/\/lo1.szczecin.pl\/wp-content\/uploads\/2021\/02\/20210217-EM-Test-diagnostyczny.pdf\">2021 &#8211; pr\u00f3bna matura CKE &#8211; harmonogram<\/a><a href=\"http:\/\/lo1.szczecin.pl\/wp-content\/uploads\/2021\/02\/20210217-EM-Test-diagnostyczny.pdf\" class=\"wp-block-file__button\" download>Pobierz<\/a><\/div>\n\n\n\n<p><\/p>\n","protected":false},"excerpt":{"rendered":"<p>Informujemy, \u017ce w dniach 3-16 marca odb\u0119dzie si\u0119 test diagnostyczny w zakresie poziomu przygotowania uczni\u00f3w do egzaminu maturalnego (tzw. pr\u00f3bny egzamin maturalny). Centralna Komisja Egzaminacyjna udost\u0119pni materia\u0142y do przeprowadzenia testu diagnostycznego w zakresie poziomu przygotowania uczni\u00f3w do egzaminu maturalnego z poszczeg\u00f3lnych przedmiot\u00f3w na wszystkich poziomach. Harmonogram CKE poni\u017cej.Szczeg\u00f3\u0142y przeprowadzenia pr\u00f3bnego egzaminy maturalnego w I LO [&hellip;]<\/p>\n","protected":false},"author":1,"featured_media":0,"comment_status":"closed","ping_status":"open","sticky":false,"template":"","format":"standard","meta":{"footnotes":""},"categories":[1],"tags":[],"class_list":["post-4048","post","type-post","status-publish","format-standard","hentry","category-bez-kategorii"],"_links":{"self":[{"href":"https:\/\/lo1.szczecin.pl\/index.php\/wp-json\/wp\/v2\/posts\/4048","targetHints":{"allow":["GET"]}}],"collection":[{"href":"https:\/\/lo1.szczecin.pl\/index.php\/wp-json\/wp\/v2\/posts"}],"about":[{"href":"https:\/\/lo1.szczecin.pl\/index.php\/wp-json\/wp\/v2\/types\/post"}],"author":[{"embeddable":true,"href":"https:\/\/lo1.szczecin.pl\/index.php\/wp-json\/wp\/v2\/users\/1"}],"replies":[{"embeddable":true,"href":"https:\/\/lo1.szczecin.pl\/index.php\/wp-json\/wp\/v2\/comments?post=4048"}],"version-history":[{"count":5,"href":"https:\/\/lo1.szczecin.pl\/index.php\/wp-json\/wp\/v2\/posts\/4048\/revisions"}],"predecessor-version":[{"id":4054,"href":"https:\/\/lo1.szczecin.pl\/index.php\/wp-json\/wp\/v2\/posts\/4048\/revisions\/4054"}],"wp:attachment":[{"href":"https:\/\/lo1.szczecin.pl\/index.php\/wp-json\/wp\/v2\/media?parent=4048"}],"wp:term":[{"taxonomy":"category","embeddable":true,"href":"https:\/\/lo1.szczecin.pl\/index.php\/wp-json\/wp\/v2\/categories?post=4048"},{"taxonomy":"post_tag","embeddable":true,"href":"https:\/\/lo1.szczecin.pl\/index.php\/wp-json\/wp\/v2\/tags?post=4048"}],"curies":[{"name":"wp","href":"https:\/\/api.w.org\/{rel}","templated":true}]}}