{"id":4055,"date":"2021-02-25T21:00:00","date_gmt":"2021-02-25T20:00:00","guid":{"rendered":"http:\/\/lo1.szczecin.pl\/?p=4055"},"modified":"2021-02-25T21:00:02","modified_gmt":"2021-02-25T20:00:02","slug":"biblioteka-zaprasza","status":"publish","type":"post","link":"https:\/\/lo1.szczecin.pl\/index.php\/2021\/02\/25\/biblioteka-zaprasza\/","title":{"rendered":"Biblioteka zaprasza"},"content":{"rendered":"\n<p><strong>Idzie wiosna!<\/strong> <img loading=\"lazy\" decoding=\"async\" width=\"16\" height=\"16\" alt=\"\ud83d\ude0e\" src=\"https:\/\/static.xx.fbcdn.net\/images\/emoji.php\/v9\/tdc\/1.5\/16\/1f60e.png\"><img loading=\"lazy\" decoding=\"async\" width=\"16\" height=\"16\" alt=\"\ud83c\udf1e\" src=\"https:\/\/static.xx.fbcdn.net\/images\/emoji.php\/v9\/tb8\/1.5\/16\/1f31e.png\"><img loading=\"lazy\" decoding=\"async\" width=\"16\" height=\"16\" alt=\"\ud83e\udd40\" src=\"https:\/\/static.xx.fbcdn.net\/images\/emoji.php\/v9\/t66\/1.5\/16\/1f940.png\"><br>To tylko kilka propozycji, nowych ksi\u0105\u017cek jest wi\u0119cej, zagl\u0105dajcie do naszego katalogu on line. Piszcie swoje recenzje (nie tylko z nowo\u015bci!), przesy\u0142ajcie na adres: biblioteka@lo1.szczecin.pl &#8211; zamie\u015bcimy je na naszej stronie!Wasze bibliotekarki <br><img loading=\"lazy\" decoding=\"async\" width=\"16\" height=\"16\" alt=\"\u2705\" src=\"https:\/\/static.xx.fbcdn.net\/images\/emoji.php\/v9\/tba\/1.5\/16\/2705.png\"> <strong>Biblioteka proponuje ksi\u0105\u017cki na o\u017cywienie umys\u0142u Zakupi\u0142y\u015bmy troch\u0119 nowo\u015bci:<\/strong><br><strong>\u2981<\/strong> <strong>Lisa Gardner &#8222;Powiem tylko raz&#8221; <\/strong>&#8211; Naprawd\u0119 wci\u0105gaj\u0105cy thriller. Trzy kobiety, podejrzana, pokrzywdzona i policjantka, powi\u0105zane wsp\u00f3lnym \u015bledztwem. Ci, kt\u00f3rzy przeczytali, pytaj\u0105 o inne ksi\u0105\u017cki tej ameryka\u0144skiej kr\u00f3lowej krymina\u0142u. Fabu\u0142a z wieloma nieoczekiwanymi zwrotami akcji trzyma w napi\u0119ciu!<br>\u2981 <strong>Amy Alkon &#8222;Dobre maniery dla mi\u0142ych ludzi, kt\u00f3rzy czasem m\u00f3wi\u0105 k***a<\/strong>&#8221; &#8211; Komu si\u0119 nigdy nie wyrwa\u0142o s\u0142owo na k\u2026, niech rzuci kamieniem\u2026 Reszta niech czyta, bo to naj\u015bmieszniejszy podr\u0119cznik dobrych manier do zastosowania przez m\u0142odych ludzi w XXI wieku. Autorka pisze na podstawie w\u0142asnych do\u015bwiadcze\u0144 i obserwacji wsp\u00f3\u0142czesnego \u015bwiata. Jedno od wiek\u00f3w si\u0119 nie zmienia: podstaw\u0105 bycia kulturalnym cz\u0142owiekiem nie s\u0105 drobiazgowe przepisy, jak je\u015b\u0107 homara, ale\u2026 empatia wobec innych. Zaskoczeni?<br>\u2981 <strong>Olga Tokarczuk &#8222;Czu\u0142y narrator&#8221;<\/strong> &#8211; Tej pozycji chyba nie trzeba specjalnie przedstawia\u0107. Zbi\u00f3r esej\u00f3w o procesie pisania, o czytaniu. Nie\u0142atwe w odbiorze, ale mamy przecie\u017c ambitnych czytelnik\u00f3w nie tylko z klas humanistycznych<br>\u2981 <strong>Adrian Tomine &#8222;\u015amiech i \u015bmier\u0107&#8221;<\/strong> &#8211; Niezwyk\u0142y komiks \u2013 nie tylko o \u015bmierci i poczuciu straty, ale tak\u017ce o relacjach rodzinnych, tw\u00f3rczo\u015bci, poszukiwaniu to\u017csamo\u015bci, sukcesach i pora\u017ckach, czyli o \u017cyciu po prostu.<br>\u2981 <strong>Roger Eatwell, Matthew Goodwin &#8222;Narodowy populizm. Zamach na liberaln\u0105 demokracj\u0119&#8221;<\/strong> &#8211; C\u00f3\u017c, po obserwacji ostatnich wybor\u00f3w prezydenckich w USA (i nie tylko) chyba jeste\u015bmy wyczuleni na zjawisko populizmu. Autorzy opisuj\u0105 je w do\u015b\u0107 przyst\u0119pny spos\u00f3b, popieraj\u0105c wynikami bada\u0144, i u\u015bwiadamiaj\u0105 nam, \u017ce demokracja nie jest dana raz na zawsze. W jakiej rzeczywisto\u015bci b\u0119dziemy \u017cyli, zale\u017cy od nas. Mocna ok\u0142adka!<br><strong>\u2981 Eric R. Kandel &#8222;Zaburzony umys\u0142&#8221; \u2981 David Adam &#8222;Ukryty geniusz&#8221; <\/strong>Dwie popularnonaukowe publikacje o funkcjonowaniu naszych m\u00f3zg\u00f3w, jak wp\u0142ywaj\u0105 na niego choroby (autyzm, depresja, schizofrenia i in.), jak podnie\u015b\u0107 swoj\u0105 inteligencj\u0119 (nie ma cudownych \u201epigu\u0142ek na rozum\u201d, ale mo\u017cna wiele zdzia\u0142a\u0107 odpowiedni\u0105 diet\u0105), o my\u015bleniu, pami\u0119ci i emocjach. Nie tylko dla klas biologicznych!<br><strong>\u2981 Clarissa Goenawan &#8222;Perfekcyjny \u015bwiat Miwako Sumidy&#8221; <\/strong>&#8211; Ta historia nie mo\u017ce sko\u0144czy\u0107 si\u0119 dobrze. Tytu\u0142owa bohaterka: pi\u0119kna, inteligentna, wra\u017cliwa studentka, pope\u0142nia samob\u00f3jstwo. Na jaw wychodz\u0105 mroczne, skrywane dot\u0105d tajemnice rodzinne. Zako\u0144czenie ujawnione jest ju\u017c na pocz\u0105tku opowie\u015bci, a fabu\u0142a to \u015bledztwo ch\u0142opaka, siostry i przyjaci\u00f3\u0142ki dziewczyny, chc\u0105cych dowiedzie\u0107 si\u0119 tajemnicy Miwako. W tle realistycznie opisana wsp\u00f3\u0142czesna Japonia.<br>\u2981 <strong>Megan Campisi &#8222;Zjadaczka grzech\u00f3w&#8221;<\/strong> &#8211; Recenzenci pisz\u0105, \u017ce to po\u0142\u0105czenie Opowie\u015bci podr\u0119cznej Margaret Atwood i Alicji w Krainie Czar\u00f3w. Tytu\u0142owa bohaterka za kradzie\u017c chleba zostaje skazana na bycie \u201ezjadaczk\u0105 grzech\u00f3w\u201d \u2013 rytualnie towarzyszy umieraj\u0105cym i bierze ich grzechy na siebie. W tle: spisek, morderstwo i dw\u00f3r kr\u00f3lewski XVI-wiecznej Anglii.<br><strong>\u2981 Mats Strandberg &#8222;Koniec Apokaliptyczna&#8221; &#8211;<\/strong>  opowie\u015b\u0107 o dwojgu nastolatkach w \u015bwiecie, o kt\u00f3rym wiadomo, \u017ce dok\u0142adnie za miesi\u0105c przestanie istnie\u0107. Jak to jest \u017cy\u0107 na kredyt z poczuciem nieuniknionego ko\u0144ca? Przekonajcie si\u0119 sami.<\/p>\n\n\n\n<div class=\"wp-block-image\"><figure class=\"alignleft size-large is-resized\"><img loading=\"lazy\" decoding=\"async\" src=\"http:\/\/lo1.szczecin.pl\/wp-content\/uploads\/2021\/02\/powiem-tylko-raz-b-iext63634868-678x1024.jpg\" alt=\"\" class=\"wp-image-4056\" width=\"163\" height=\"245\" srcset=\"https:\/\/lo1.szczecin.pl\/wp-content\/uploads\/2021\/02\/powiem-tylko-raz-b-iext63634868-678x1024.jpg 678w, https:\/\/lo1.szczecin.pl\/wp-content\/uploads\/2021\/02\/powiem-tylko-raz-b-iext63634868-199x300.jpg 199w, https:\/\/lo1.szczecin.pl\/wp-content\/uploads\/2021\/02\/powiem-tylko-raz-b-iext63634868-768x1161.jpg 768w, https:\/\/lo1.szczecin.pl\/wp-content\/uploads\/2021\/02\/powiem-tylko-raz-b-iext63634868.jpg 794w\" sizes=\"auto, (max-width: 163px) 100vw, 163px\" \/><\/figure><\/div>\n\n\n\n<div class=\"wp-block-image\"><figure class=\"alignleft size-large is-resized\"><img loading=\"lazy\" decoding=\"async\" src=\"http:\/\/lo1.szczecin.pl\/wp-content\/uploads\/2021\/02\/657331-352x500-1.jpg\" alt=\"\" class=\"wp-image-4057\" width=\"172\" height=\"244\" srcset=\"https:\/\/lo1.szczecin.pl\/wp-content\/uploads\/2021\/02\/657331-352x500-1.jpg 352w, https:\/\/lo1.szczecin.pl\/wp-content\/uploads\/2021\/02\/657331-352x500-1-211x300.jpg 211w\" sizes=\"auto, (max-width: 172px) 100vw, 172px\" \/><\/figure><\/div>\n\n\n\n<div class=\"wp-block-image\"><figure class=\"alignleft size-large is-resized\"><img loading=\"lazy\" decoding=\"async\" src=\"http:\/\/lo1.szczecin.pl\/wp-content\/uploads\/2021\/02\/dobre-maniery-dla-milych-ludzi-ktorzy-czasem-mowia-k-a-b-iext54537557-689x1024.jpg\" alt=\"\" class=\"wp-image-4058\" width=\"163\" height=\"242\" srcset=\"https:\/\/lo1.szczecin.pl\/wp-content\/uploads\/2021\/02\/dobre-maniery-dla-milych-ludzi-ktorzy-czasem-mowia-k-a-b-iext54537557-689x1024.jpg 689w, https:\/\/lo1.szczecin.pl\/wp-content\/uploads\/2021\/02\/dobre-maniery-dla-milych-ludzi-ktorzy-czasem-mowia-k-a-b-iext54537557-202x300.jpg 202w, https:\/\/lo1.szczecin.pl\/wp-content\/uploads\/2021\/02\/dobre-maniery-dla-milych-ludzi-ktorzy-czasem-mowia-k-a-b-iext54537557-768x1142.jpg 768w, https:\/\/lo1.szczecin.pl\/wp-content\/uploads\/2021\/02\/dobre-maniery-dla-milych-ludzi-ktorzy-czasem-mowia-k-a-b-iext54537557.jpg 807w\" sizes=\"auto, (max-width: 163px) 100vw, 163px\" \/><\/figure><\/div>\n\n\n\n<div class=\"wp-block-image\"><figure class=\"aligncenter size-large is-resized\"><img loading=\"lazy\" decoding=\"async\" src=\"http:\/\/lo1.szczecin.pl\/wp-content\/uploads\/2021\/02\/narodowy-populizm-zamach-na-liberalna-demokracje-w-iext65468042.jpg\" alt=\"\" class=\"wp-image-4059\" width=\"218\" height=\"307\" srcset=\"https:\/\/lo1.szczecin.pl\/wp-content\/uploads\/2021\/02\/narodowy-populizm-zamach-na-liberalna-demokracje-w-iext65468042.jpg 248w, https:\/\/lo1.szczecin.pl\/wp-content\/uploads\/2021\/02\/narodowy-populizm-zamach-na-liberalna-demokracje-w-iext65468042-213x300.jpg 213w\" sizes=\"auto, (max-width: 218px) 100vw, 218px\" \/><\/figure><\/div>\n","protected":false},"excerpt":{"rendered":"<p>Idzie wiosna! To tylko kilka propozycji, nowych ksi\u0105\u017cek jest wi\u0119cej, zagl\u0105dajcie do naszego katalogu on line. Piszcie swoje recenzje (nie tylko z nowo\u015bci!), przesy\u0142ajcie na adres: biblioteka@lo1.szczecin.pl &#8211; zamie\u015bcimy je na naszej stronie!Wasze bibliotekarki Biblioteka proponuje ksi\u0105\u017cki na o\u017cywienie umys\u0142u Zakupi\u0142y\u015bmy troch\u0119 nowo\u015bci:\u2981 Lisa Gardner &#8222;Powiem tylko raz&#8221; &#8211; Naprawd\u0119 wci\u0105gaj\u0105cy thriller. Trzy kobiety, podejrzana, [&hellip;]<\/p>\n","protected":false},"author":1,"featured_media":0,"comment_status":"closed","ping_status":"open","sticky":false,"template":"","format":"standard","meta":{"footnotes":""},"categories":[1],"tags":[],"class_list":["post-4055","post","type-post","status-publish","format-standard","hentry","category-bez-kategorii"],"_links":{"self":[{"href":"https:\/\/lo1.szczecin.pl\/index.php\/wp-json\/wp\/v2\/posts\/4055","targetHints":{"allow":["GET"]}}],"collection":[{"href":"https:\/\/lo1.szczecin.pl\/index.php\/wp-json\/wp\/v2\/posts"}],"about":[{"href":"https:\/\/lo1.szczecin.pl\/index.php\/wp-json\/wp\/v2\/types\/post"}],"author":[{"embeddable":true,"href":"https:\/\/lo1.szczecin.pl\/index.php\/wp-json\/wp\/v2\/users\/1"}],"replies":[{"embeddable":true,"href":"https:\/\/lo1.szczecin.pl\/index.php\/wp-json\/wp\/v2\/comments?post=4055"}],"version-history":[{"count":4,"href":"https:\/\/lo1.szczecin.pl\/index.php\/wp-json\/wp\/v2\/posts\/4055\/revisions"}],"predecessor-version":[{"id":4065,"href":"https:\/\/lo1.szczecin.pl\/index.php\/wp-json\/wp\/v2\/posts\/4055\/revisions\/4065"}],"wp:attachment":[{"href":"https:\/\/lo1.szczecin.pl\/index.php\/wp-json\/wp\/v2\/media?parent=4055"}],"wp:term":[{"taxonomy":"category","embeddable":true,"href":"https:\/\/lo1.szczecin.pl\/index.php\/wp-json\/wp\/v2\/categories?post=4055"},{"taxonomy":"post_tag","embeddable":true,"href":"https:\/\/lo1.szczecin.pl\/index.php\/wp-json\/wp\/v2\/tags?post=4055"}],"curies":[{"name":"wp","href":"https:\/\/api.w.org\/{rel}","templated":true}]}}