{"id":4068,"date":"2021-02-26T10:20:17","date_gmt":"2021-02-26T09:20:17","guid":{"rendered":"http:\/\/lo1.szczecin.pl\/?p=4068"},"modified":"2021-02-26T10:28:33","modified_gmt":"2021-02-26T09:28:33","slug":"probna-matura-cke","status":"publish","type":"post","link":"https:\/\/lo1.szczecin.pl\/index.php\/2021\/02\/26\/probna-matura-cke\/","title":{"rendered":"Pr\u00f3bna matura CKE"},"content":{"rendered":"\n<p><strong>Drodzy Maturzy\u015bci,<br>przedstawiamy harmonogram pr\u00f3bnych matur (CKE), kt\u00f3re odb\u0119d\u0105 si\u0119 w trybie stacjonarnym. <strong>Pr\u00f3bne matury odb\u0119d\u0105 si\u0119 w dniach 3.03 \u2013 16.03.2021 r. (wg harmonogramu CKE).<\/strong><\/strong><br><strong>Prosimy o zapoznanie si\u0119 z nim, o przestrzeganie miejsc wej\u015bcia i wyj\u015bcia<\/strong>. Zobowi\u0105zujemy maturzyst\u00f3w do punktualnego wstawienia si\u0119 na poszczeg\u00f3lne egzaminy.<strong><br><span class=\"has-inline-color has-vivid-red-color\">Zobowi\u0105zujemy do przestrzegania re\u017cimu sanitarnego: maseczka, dystans, dezynfekcja.<\/span><\/strong><\/p>\n\n\n\n<div class=\"wp-block-file\"><a href=\"http:\/\/lo1.szczecin.pl\/wp-content\/uploads\/2021\/02\/Jezyk-pol.PP_.pdf\">J\u0119zyk polski PP i PR_<\/a><a href=\"http:\/\/lo1.szczecin.pl\/wp-content\/uploads\/2021\/02\/Jezyk-pol.PP_.pdf\" class=\"wp-block-file__button\" download>Pobierz<\/a><\/div>\n\n\n\n<div class=\"wp-block-file\"><a href=\"http:\/\/lo1.szczecin.pl\/wp-content\/uploads\/2021\/02\/Matem.PP_.pdf\">Matematyka PP i PR_<\/a><a href=\"http:\/\/lo1.szczecin.pl\/wp-content\/uploads\/2021\/02\/Matem.PP_.pdf\" class=\"wp-block-file__button\" download>Pobierz<\/a><\/div>\n\n\n\n<div class=\"wp-block-file\"><a href=\"http:\/\/lo1.szczecin.pl\/wp-content\/uploads\/2021\/02\/jez.-obcy.pdf\">J\u0119zyki obce<\/a><a href=\"http:\/\/lo1.szczecin.pl\/wp-content\/uploads\/2021\/02\/jez.-obcy.pdf\" class=\"wp-block-file__button\" download>Pobierz<\/a><\/div>\n\n\n\n<div class=\"wp-block-file\"><a href=\"http:\/\/lo1.szczecin.pl\/wp-content\/uploads\/2021\/02\/dodatkowe.pdf\">Przedmioty dodatkowe<\/a><a href=\"http:\/\/lo1.szczecin.pl\/wp-content\/uploads\/2021\/02\/dodatkowe.pdf\" class=\"wp-block-file__button\" download>Pobierz<\/a><\/div>\n\n\n\n<p><\/p>\n","protected":false},"excerpt":{"rendered":"<p>Drodzy Maturzy\u015bci,przedstawiamy harmonogram pr\u00f3bnych matur (CKE), kt\u00f3re odb\u0119d\u0105 si\u0119 w trybie stacjonarnym. Pr\u00f3bne matury odb\u0119d\u0105 si\u0119 w dniach 3.03 \u2013 16.03.2021 r. (wg harmonogramu CKE).Prosimy o zapoznanie si\u0119 z nim, o przestrzeganie miejsc wej\u015bcia i wyj\u015bcia. Zobowi\u0105zujemy maturzyst\u00f3w do punktualnego wstawienia si\u0119 na poszczeg\u00f3lne egzaminy.Zobowi\u0105zujemy do przestrzegania re\u017cimu sanitarnego: maseczka, dystans, dezynfekcja.<\/p>\n","protected":false},"author":1,"featured_media":0,"comment_status":"closed","ping_status":"open","sticky":false,"template":"","format":"standard","meta":{"footnotes":""},"categories":[1],"tags":[],"class_list":["post-4068","post","type-post","status-publish","format-standard","hentry","category-bez-kategorii"],"_links":{"self":[{"href":"https:\/\/lo1.szczecin.pl\/index.php\/wp-json\/wp\/v2\/posts\/4068","targetHints":{"allow":["GET"]}}],"collection":[{"href":"https:\/\/lo1.szczecin.pl\/index.php\/wp-json\/wp\/v2\/posts"}],"about":[{"href":"https:\/\/lo1.szczecin.pl\/index.php\/wp-json\/wp\/v2\/types\/post"}],"author":[{"embeddable":true,"href":"https:\/\/lo1.szczecin.pl\/index.php\/wp-json\/wp\/v2\/users\/1"}],"replies":[{"embeddable":true,"href":"https:\/\/lo1.szczecin.pl\/index.php\/wp-json\/wp\/v2\/comments?post=4068"}],"version-history":[{"count":4,"href":"https:\/\/lo1.szczecin.pl\/index.php\/wp-json\/wp\/v2\/posts\/4068\/revisions"}],"predecessor-version":[{"id":4078,"href":"https:\/\/lo1.szczecin.pl\/index.php\/wp-json\/wp\/v2\/posts\/4068\/revisions\/4078"}],"wp:attachment":[{"href":"https:\/\/lo1.szczecin.pl\/index.php\/wp-json\/wp\/v2\/media?parent=4068"}],"wp:term":[{"taxonomy":"category","embeddable":true,"href":"https:\/\/lo1.szczecin.pl\/index.php\/wp-json\/wp\/v2\/categories?post=4068"},{"taxonomy":"post_tag","embeddable":true,"href":"https:\/\/lo1.szczecin.pl\/index.php\/wp-json\/wp\/v2\/tags?post=4068"}],"curies":[{"name":"wp","href":"https:\/\/api.w.org\/{rel}","templated":true}]}}