{"id":4156,"date":"2021-04-08T16:17:06","date_gmt":"2021-04-08T14:17:06","guid":{"rendered":"http:\/\/lo1.szczecin.pl\/?p=4156"},"modified":"2021-04-08T16:17:07","modified_gmt":"2021-04-08T14:17:07","slug":"konkurs-dla-sp","status":"publish","type":"post","link":"https:\/\/lo1.szczecin.pl\/index.php\/2021\/04\/08\/konkurs-dla-sp\/","title":{"rendered":"Konkurs dla SP"},"content":{"rendered":"\n<p><strong>Uwaga uczniowie szk\u00f3\u0142 podstawowych <img loading=\"lazy\" decoding=\"async\" width=\"16\" height=\"16\" alt=\"\ud83d\ude42\" src=\"https:\/\/static.xx.fbcdn.net\/images\/emoji.php\/v9\/ta5\/1.5\/16\/1f642.png\"><img loading=\"lazy\" decoding=\"async\" width=\"16\" height=\"16\" alt=\"\u2757\" src=\"https:\/\/static.xx.fbcdn.net\/images\/emoji.php\/v9\/td7\/1.5\/16\/2757.png\"><br>Z przyjemno\u015bci\u0105 informujemy, i\u017c IV edycja konkursu chemiczno-fizycznego z elementami wiedzy o Marii Sk\u0142odowskiej-Curie odb\u0119dzie si\u0119 zgodnie z wcze\u015bniejszymi ustaleniami<\/strong>.<br><img loading=\"lazy\" decoding=\"async\" width=\"16\" height=\"16\" alt=\"\u2705\" src=\"https:\/\/static.xx.fbcdn.net\/images\/emoji.php\/v9\/tba\/1.5\/16\/2705.png\"> Prosimy opiekun\u00f3w kt\u00f3rzy nie przys\u0142ali wymaganych dokument\u00f3w w komplecie o dostarczenie ich w dniu konkursu. Przypominamy i\u017c ucze\u0144 powinien posiada\u0107 sprawny kalkulator prosty i przybory do pisania.<br>UWAGA <img loading=\"lazy\" decoding=\"async\" width=\"16\" height=\"16\" alt=\"\u2757\" src=\"https:\/\/static.xx.fbcdn.net\/images\/emoji.php\/v9\/td7\/1.5\/16\/2757.png\">Niezb\u0119dne s\u0105 r\u00f3wnie\u017c maseczki i r\u0119kawiczki ze wzgl\u0119du na przestrzeganie wymog\u00f3w zwi\u0105zanych z zachowaniem re\u017cimu sanitarnego.<img loading=\"lazy\" decoding=\"async\" width=\"16\" height=\"16\" alt=\"\u2705\" src=\"https:\/\/static.xx.fbcdn.net\/images\/emoji.php\/v9\/tba\/1.5\/16\/2705.png\"> Prosimy by uczniowie i opiekunowie byli obecni 13 kwietnia (wtorek) na 15 minut przed rozpocz\u0119ciem konkursu czyli o godz. 10.45 przed aul\u0105 szkoln\u0105 w I LO (II pi\u0119tro). Prosimy te\u017c o sprawdzenie poprawno\u015bci imion i nazwisk na listach uczestnik\u00f3w i ich opiekun\u00f3w, a tak\u017ce o zg\u0142oszenie ewentualnych poprawek organizatorom konkursu przed jego rozpocz\u0119ciem.Serdecznie zapraszamy Izabela Kielska i Jacek Kwa\u015bny<\/p>\n","protected":false},"excerpt":{"rendered":"<p>Uwaga uczniowie szk\u00f3\u0142 podstawowych Z przyjemno\u015bci\u0105 informujemy, i\u017c IV edycja konkursu chemiczno-fizycznego z elementami wiedzy o Marii Sk\u0142odowskiej-Curie odb\u0119dzie si\u0119 zgodnie z wcze\u015bniejszymi ustaleniami. Prosimy opiekun\u00f3w kt\u00f3rzy nie przys\u0142ali wymaganych dokument\u00f3w w komplecie o dostarczenie ich w dniu konkursu. Przypominamy i\u017c ucze\u0144 powinien posiada\u0107 sprawny kalkulator prosty i przybory do pisania.UWAGA Niezb\u0119dne s\u0105 r\u00f3wnie\u017c maseczki [&hellip;]<\/p>\n","protected":false},"author":1,"featured_media":0,"comment_status":"closed","ping_status":"open","sticky":false,"template":"","format":"standard","meta":{"footnotes":""},"categories":[1],"tags":[],"class_list":["post-4156","post","type-post","status-publish","format-standard","hentry","category-bez-kategorii"],"_links":{"self":[{"href":"https:\/\/lo1.szczecin.pl\/index.php\/wp-json\/wp\/v2\/posts\/4156","targetHints":{"allow":["GET"]}}],"collection":[{"href":"https:\/\/lo1.szczecin.pl\/index.php\/wp-json\/wp\/v2\/posts"}],"about":[{"href":"https:\/\/lo1.szczecin.pl\/index.php\/wp-json\/wp\/v2\/types\/post"}],"author":[{"embeddable":true,"href":"https:\/\/lo1.szczecin.pl\/index.php\/wp-json\/wp\/v2\/users\/1"}],"replies":[{"embeddable":true,"href":"https:\/\/lo1.szczecin.pl\/index.php\/wp-json\/wp\/v2\/comments?post=4156"}],"version-history":[{"count":1,"href":"https:\/\/lo1.szczecin.pl\/index.php\/wp-json\/wp\/v2\/posts\/4156\/revisions"}],"predecessor-version":[{"id":4157,"href":"https:\/\/lo1.szczecin.pl\/index.php\/wp-json\/wp\/v2\/posts\/4156\/revisions\/4157"}],"wp:attachment":[{"href":"https:\/\/lo1.szczecin.pl\/index.php\/wp-json\/wp\/v2\/media?parent=4156"}],"wp:term":[{"taxonomy":"category","embeddable":true,"href":"https:\/\/lo1.szczecin.pl\/index.php\/wp-json\/wp\/v2\/categories?post=4156"},{"taxonomy":"post_tag","embeddable":true,"href":"https:\/\/lo1.szczecin.pl\/index.php\/wp-json\/wp\/v2\/tags?post=4156"}],"curies":[{"name":"wp","href":"https:\/\/api.w.org\/{rel}","templated":true}]}}