{"id":4199,"date":"2021-04-29T19:44:44","date_gmt":"2021-04-29T17:44:44","guid":{"rendered":"http:\/\/lo1.szczecin.pl\/?p=4199"},"modified":"2021-04-29T19:49:40","modified_gmt":"2021-04-29T17:49:40","slug":"zegnamy-klasy-maturalne","status":"publish","type":"post","link":"https:\/\/lo1.szczecin.pl\/index.php\/2021\/04\/29\/zegnamy-klasy-maturalne\/","title":{"rendered":"\u017begnamy klasy maturalne"},"content":{"rendered":"\n<p><strong>Uroczysto\u015b\u0107 po\u017cegnania maturzyst\u00f3w odb\u0119dzie si\u0119 w dniu 30.04.2021 r. (pi\u0105tek) w auli szkolnej, wed\u0142ug harmonogramu:<\/strong><br><img loading=\"lazy\" decoding=\"async\" width=\"16\" height=\"16\" alt=\"\u27a1\" src=\"https:\/\/static.xx.fbcdn.net\/images\/emoji.php\/v9\/t9e\/1\/16\/27a1.png\"> godz. 8.30 &#8211; klasa 3 a &#8211; wychowawca Dorota Jardzioch<br><img loading=\"lazy\" decoding=\"async\" width=\"16\" height=\"16\" alt=\"\u27a1\" src=\"https:\/\/static.xx.fbcdn.net\/images\/emoji.php\/v9\/t9e\/1\/16\/27a1.png\"> godz. 9.30 &#8211; klasa 3 b &#8211; wychowawca Agnieszka Milewska<br><img loading=\"lazy\" decoding=\"async\" width=\"16\" height=\"16\" alt=\"\u27a1\" src=\"https:\/\/static.xx.fbcdn.net\/images\/emoji.php\/v9\/t9e\/1\/16\/27a1.png\"> godz. 10.30 &#8211; klasa 3 c &#8211; wychowawca Jacek Kwa\u015bny<br><img loading=\"lazy\" decoding=\"async\" width=\"16\" height=\"16\" alt=\"\u27a1\" src=\"https:\/\/static.xx.fbcdn.net\/images\/emoji.php\/v9\/t9e\/1\/16\/27a1.png\"> godz. 11.30 &#8211; klasa 3 d &#8211; wychowawca Beata Kochanowska<br><img loading=\"lazy\" decoding=\"async\" width=\"16\" height=\"16\" alt=\"\u27a1\" src=\"https:\/\/static.xx.fbcdn.net\/images\/emoji.php\/v9\/t9e\/1\/16\/27a1.png\"> godz. 12.30 &#8211; klasa 3 e &#8211; wychowawca Beata \u0141ukawska<br><img loading=\"lazy\" decoding=\"async\" width=\"16\" height=\"16\" alt=\"\u27a1\" src=\"https:\/\/static.xx.fbcdn.net\/images\/emoji.php\/v9\/t9e\/1\/16\/27a1.png\"> godz. 13.30 &#8211; klasa 3 f &#8211; wychowawca Bartosz Bynowski<br><img loading=\"lazy\" decoding=\"async\" width=\"16\" height=\"16\" alt=\"\u27a1\" src=\"https:\/\/static.xx.fbcdn.net\/images\/emoji.php\/v9\/t9e\/1\/16\/27a1.png\"> godz. 14.30 &#8211; klasa 3 g &#8211; wychowawca Dariusz Szersze\u0144<br><strong>UWAGA<img loading=\"lazy\" decoding=\"async\" width=\"16\" height=\"16\" alt=\"\u2757\" src=\"https:\/\/static.xx.fbcdn.net\/images\/emoji.php\/v9\/t50\/1\/16\/2757.png\"> <\/strong><br><strong>Zobowi\u0105zujemy do zachowania re\u017cimu sanitarnego (maseczka, dystans dezynfekcja). <\/strong><br><strong>Wej\u015bcie do szko\u0142y &#8211; g\u0142\u00f3wne od al. Piast\u00f3w 12, wyj\u015bcie po zako\u0144czonej uroczysto\u015bci &#8211; od ul. Chodkiewicza (boczne).<\/strong><\/p>\n\n\n\n<div class=\"wp-block-image\"><figure class=\"aligncenter size-large\"><img loading=\"lazy\" decoding=\"async\" width=\"1024\" height=\"449\" src=\"http:\/\/lo1.szczecin.pl\/wp-content\/uploads\/2021\/04\/179034506_2973305329610786_1095308643002268955_n-1024x449.jpg\" alt=\"\" class=\"wp-image-4205\" srcset=\"https:\/\/lo1.szczecin.pl\/wp-content\/uploads\/2021\/04\/179034506_2973305329610786_1095308643002268955_n-1024x449.jpg 1024w, https:\/\/lo1.szczecin.pl\/wp-content\/uploads\/2021\/04\/179034506_2973305329610786_1095308643002268955_n-300x132.jpg 300w, https:\/\/lo1.szczecin.pl\/wp-content\/uploads\/2021\/04\/179034506_2973305329610786_1095308643002268955_n-768x337.jpg 768w, https:\/\/lo1.szczecin.pl\/wp-content\/uploads\/2021\/04\/179034506_2973305329610786_1095308643002268955_n.jpg 1140w\" sizes=\"auto, (max-width: 1024px) 100vw, 1024px\" \/><\/figure><\/div>\n","protected":false},"excerpt":{"rendered":"<p>Uroczysto\u015b\u0107 po\u017cegnania maturzyst\u00f3w odb\u0119dzie si\u0119 w dniu 30.04.2021 r. (pi\u0105tek) w auli szkolnej, wed\u0142ug harmonogramu: godz. 8.30 &#8211; klasa 3 a &#8211; wychowawca Dorota Jardzioch godz. 9.30 &#8211; klasa 3 b &#8211; wychowawca Agnieszka Milewska godz. 10.30 &#8211; klasa 3 c &#8211; wychowawca Jacek Kwa\u015bny godz. 11.30 &#8211; klasa 3 d &#8211; wychowawca Beata Kochanowska [&hellip;]<\/p>\n","protected":false},"author":1,"featured_media":0,"comment_status":"closed","ping_status":"open","sticky":false,"template":"","format":"standard","meta":{"footnotes":""},"categories":[1],"tags":[],"class_list":["post-4199","post","type-post","status-publish","format-standard","hentry","category-bez-kategorii"],"_links":{"self":[{"href":"https:\/\/lo1.szczecin.pl\/index.php\/wp-json\/wp\/v2\/posts\/4199","targetHints":{"allow":["GET"]}}],"collection":[{"href":"https:\/\/lo1.szczecin.pl\/index.php\/wp-json\/wp\/v2\/posts"}],"about":[{"href":"https:\/\/lo1.szczecin.pl\/index.php\/wp-json\/wp\/v2\/types\/post"}],"author":[{"embeddable":true,"href":"https:\/\/lo1.szczecin.pl\/index.php\/wp-json\/wp\/v2\/users\/1"}],"replies":[{"embeddable":true,"href":"https:\/\/lo1.szczecin.pl\/index.php\/wp-json\/wp\/v2\/comments?post=4199"}],"version-history":[{"count":4,"href":"https:\/\/lo1.szczecin.pl\/index.php\/wp-json\/wp\/v2\/posts\/4199\/revisions"}],"predecessor-version":[{"id":4206,"href":"https:\/\/lo1.szczecin.pl\/index.php\/wp-json\/wp\/v2\/posts\/4199\/revisions\/4206"}],"wp:attachment":[{"href":"https:\/\/lo1.szczecin.pl\/index.php\/wp-json\/wp\/v2\/media?parent=4199"}],"wp:term":[{"taxonomy":"category","embeddable":true,"href":"https:\/\/lo1.szczecin.pl\/index.php\/wp-json\/wp\/v2\/categories?post=4199"},{"taxonomy":"post_tag","embeddable":true,"href":"https:\/\/lo1.szczecin.pl\/index.php\/wp-json\/wp\/v2\/tags?post=4199"}],"curies":[{"name":"wp","href":"https:\/\/api.w.org\/{rel}","templated":true}]}}