{"id":4312,"date":"2021-06-23T14:19:04","date_gmt":"2021-06-23T12:19:04","guid":{"rendered":"http:\/\/lo1.szczecin.pl\/?p=4312"},"modified":"2021-06-24T08:44:37","modified_gmt":"2021-06-24T06:44:37","slug":"nagrody-prezydenta-miasta-szczecin-2","status":"publish","type":"post","link":"https:\/\/lo1.szczecin.pl\/index.php\/2021\/06\/23\/nagrody-prezydenta-miasta-szczecin-2\/","title":{"rendered":"Nagrody Prezydenta Miasta Szczecin"},"content":{"rendered":"\n<p><strong>Niezmiernie mi\u0142o nam og\u0142osi\u0107, \u017ce Nagrod\u0119 Prezydenta Miasta Szczecin w roku szkolnym 2020\/2021 otrzymali:<\/strong><br><strong><img loading=\"lazy\" decoding=\"async\" width=\"16\" height=\"16\" alt=\"\ud83d\udc4d\" src=\"https:\/\/static.xx.fbcdn.net\/images\/emoji.php\/v9\/tfc\/1\/16\/1f44d.png\"> Zuzanna Komorowicz 2 c, <\/strong><br><strong><img loading=\"lazy\" decoding=\"async\" width=\"16\" height=\"16\" alt=\"\ud83d\udc4d\" src=\"https:\/\/static.xx.fbcdn.net\/images\/emoji.php\/v9\/tfc\/1\/16\/1f44d.png\">Tomasz Fuks 2 f, <\/strong><br><strong><img loading=\"lazy\" decoding=\"async\" width=\"16\" height=\"16\" alt=\"\ud83d\udc4d\" src=\"https:\/\/static.xx.fbcdn.net\/images\/emoji.php\/v9\/tfc\/1\/16\/1f44d.png\"> Julia Perzy\u0144ska-Wydrych 3 e, <\/strong><br><strong><img loading=\"lazy\" decoding=\"async\" width=\"16\" height=\"16\" alt=\"\ud83d\udc4d\" src=\"https:\/\/static.xx.fbcdn.net\/images\/emoji.php\/v9\/tfc\/1\/16\/1f44d.png\"> Adam Biernacki 3 c, <\/strong><br><strong><img loading=\"lazy\" decoding=\"async\" width=\"16\" height=\"16\" alt=\"\ud83d\udc4d\" src=\"https:\/\/static.xx.fbcdn.net\/images\/emoji.php\/v9\/tfc\/1\/16\/1f44d.png\"> \u0141ukasz Sznajdrowicz, <\/strong><br><strong><img loading=\"lazy\" decoding=\"async\" width=\"16\" height=\"16\" alt=\"\ud83d\udc4d\" src=\"https:\/\/static.xx.fbcdn.net\/images\/emoji.php\/v9\/tfc\/1\/16\/1f44d.png\"> Tomasz Wysocki. <\/strong><br><strong>GRATULUJEMY!<\/strong><br>Nagrody Prezydenta przyznawane s\u0105 uczniom szczeci\u0144skich szk\u00f3\u0142 za wybitne osi\u0105gni\u0119cia w zakresie wiedzy i umiej\u0119tno\u015bci z przedmiot\u00f3w, znajduj\u0105cych si\u0119 w programie nauczania. O wysoko\u015bci nagrody (wraz z gratulacjami uczniowie otrzymuj\u0105 nagrody pieni\u0119\u017cne) decyduje liczba punkt\u00f3w zdobytych za bardzo dobre wyniki osi\u0105gni\u0119te w r\u00f3\u017cnych mi\u0119dzyszkolnych, og\u00f3lnopolskich i mi\u0119dzynarodowych konkursach, olimpiadach i projektach.<\/p>\n\n\n\n<div class=\"wp-block-image\"><figure class=\"alignleft size-large is-resized\"><img loading=\"lazy\" decoding=\"async\" src=\"http:\/\/lo1.szczecin.pl\/wp-content\/uploads\/2021\/06\/203727380_1167735170410145_8848866963603234935_n1.jpg\" alt=\"\" class=\"wp-image-4313\" width=\"260\" height=\"352\" srcset=\"https:\/\/lo1.szczecin.pl\/wp-content\/uploads\/2021\/06\/203727380_1167735170410145_8848866963603234935_n1.jpg 553w, https:\/\/lo1.szczecin.pl\/wp-content\/uploads\/2021\/06\/203727380_1167735170410145_8848866963603234935_n1-221x300.jpg 221w\" sizes=\"auto, (max-width: 260px) 100vw, 260px\" \/><figcaption><strong>Laureatka Julia Perzy\u0144ska-Wydrych kl. 3 e<\/strong><\/figcaption><\/figure><\/div>\n\n\n\n<div class=\"wp-block-image\"><figure class=\"alignright size-large is-resized\"><img loading=\"lazy\" decoding=\"async\" src=\"http:\/\/lo1.szczecin.pl\/wp-content\/uploads\/2021\/06\/202861275_1232745703862824_4368853961879745859_n1-768x1024.jpg\" alt=\"\" class=\"wp-image-4315\" width=\"273\" height=\"365\" srcset=\"https:\/\/lo1.szczecin.pl\/wp-content\/uploads\/2021\/06\/202861275_1232745703862824_4368853961879745859_n1-768x1024.jpg 768w, https:\/\/lo1.szczecin.pl\/wp-content\/uploads\/2021\/06\/202861275_1232745703862824_4368853961879745859_n1-225x300.jpg 225w, https:\/\/lo1.szczecin.pl\/wp-content\/uploads\/2021\/06\/202861275_1232745703862824_4368853961879745859_n1-1152x1536.jpg 1152w, https:\/\/lo1.szczecin.pl\/wp-content\/uploads\/2021\/06\/202861275_1232745703862824_4368853961879745859_n1.jpg 1200w\" sizes=\"auto, (max-width: 273px) 100vw, 273px\" \/><figcaption><strong>Laureat Tomasz Fuks kl 2 f<\/strong><\/figcaption><\/figure><\/div>\n\n\n\n<div class=\"wp-block-image\"><figure class=\"aligncenter size-large\"><img loading=\"lazy\" decoding=\"async\" width=\"1024\" height=\"683\" src=\"http:\/\/lo1.szczecin.pl\/wp-content\/uploads\/2021\/06\/206327511_3017455548529097_3850329454613263430_n-1024x683.jpg\" alt=\"\" class=\"wp-image-4316\" srcset=\"https:\/\/lo1.szczecin.pl\/wp-content\/uploads\/2021\/06\/206327511_3017455548529097_3850329454613263430_n-1024x683.jpg 1024w, https:\/\/lo1.szczecin.pl\/wp-content\/uploads\/2021\/06\/206327511_3017455548529097_3850329454613263430_n-300x200.jpg 300w, https:\/\/lo1.szczecin.pl\/wp-content\/uploads\/2021\/06\/206327511_3017455548529097_3850329454613263430_n-768x512.jpg 768w, https:\/\/lo1.szczecin.pl\/wp-content\/uploads\/2021\/06\/206327511_3017455548529097_3850329454613263430_n-1536x1024.jpg 1536w, https:\/\/lo1.szczecin.pl\/wp-content\/uploads\/2021\/06\/206327511_3017455548529097_3850329454613263430_n.jpg 2048w\" sizes=\"auto, (max-width: 1024px) 100vw, 1024px\" \/><figcaption><strong>Adam Biernacki i \u0141ukasz Sznajdrowicz &#8211; klasa 3 c<\/strong><\/figcaption><\/figure><\/div>\n\n\n\n<p><\/p>\n","protected":false},"excerpt":{"rendered":"<p>Niezmiernie mi\u0142o nam og\u0142osi\u0107, \u017ce Nagrod\u0119 Prezydenta Miasta Szczecin w roku szkolnym 2020\/2021 otrzymali: Zuzanna Komorowicz 2 c, Tomasz Fuks 2 f, Julia Perzy\u0144ska-Wydrych 3 e, Adam Biernacki 3 c, \u0141ukasz Sznajdrowicz, Tomasz Wysocki. GRATULUJEMY!Nagrody Prezydenta przyznawane s\u0105 uczniom szczeci\u0144skich szk\u00f3\u0142 za wybitne osi\u0105gni\u0119cia w zakresie wiedzy i umiej\u0119tno\u015bci z przedmiot\u00f3w, znajduj\u0105cych si\u0119 w programie [&hellip;]<\/p>\n","protected":false},"author":1,"featured_media":0,"comment_status":"closed","ping_status":"open","sticky":false,"template":"","format":"standard","meta":{"footnotes":""},"categories":[1],"tags":[],"class_list":["post-4312","post","type-post","status-publish","format-standard","hentry","category-bez-kategorii"],"_links":{"self":[{"href":"https:\/\/lo1.szczecin.pl\/index.php\/wp-json\/wp\/v2\/posts\/4312","targetHints":{"allow":["GET"]}}],"collection":[{"href":"https:\/\/lo1.szczecin.pl\/index.php\/wp-json\/wp\/v2\/posts"}],"about":[{"href":"https:\/\/lo1.szczecin.pl\/index.php\/wp-json\/wp\/v2\/types\/post"}],"author":[{"embeddable":true,"href":"https:\/\/lo1.szczecin.pl\/index.php\/wp-json\/wp\/v2\/users\/1"}],"replies":[{"embeddable":true,"href":"https:\/\/lo1.szczecin.pl\/index.php\/wp-json\/wp\/v2\/comments?post=4312"}],"version-history":[{"count":6,"href":"https:\/\/lo1.szczecin.pl\/index.php\/wp-json\/wp\/v2\/posts\/4312\/revisions"}],"predecessor-version":[{"id":4321,"href":"https:\/\/lo1.szczecin.pl\/index.php\/wp-json\/wp\/v2\/posts\/4312\/revisions\/4321"}],"wp:attachment":[{"href":"https:\/\/lo1.szczecin.pl\/index.php\/wp-json\/wp\/v2\/media?parent=4312"}],"wp:term":[{"taxonomy":"category","embeddable":true,"href":"https:\/\/lo1.szczecin.pl\/index.php\/wp-json\/wp\/v2\/categories?post=4312"},{"taxonomy":"post_tag","embeddable":true,"href":"https:\/\/lo1.szczecin.pl\/index.php\/wp-json\/wp\/v2\/tags?post=4312"}],"curies":[{"name":"wp","href":"https:\/\/api.w.org\/{rel}","templated":true}]}}