{"id":4322,"date":"2021-06-24T08:55:24","date_gmt":"2021-06-24T06:55:24","guid":{"rendered":"http:\/\/lo1.szczecin.pl\/?p=4322"},"modified":"2021-06-24T08:55:25","modified_gmt":"2021-06-24T06:55:25","slug":"zakonczenie-roku-szkolnego-2","status":"publish","type":"post","link":"https:\/\/lo1.szczecin.pl\/index.php\/2021\/06\/24\/zakonczenie-roku-szkolnego-2\/","title":{"rendered":"Zako\u0144czenie roku szkolnego"},"content":{"rendered":"\n<p><strong>W dniu 25 czerwca 2021r. odb\u0119dzie si\u0119 uroczysto\u015b\u0107 zako\u0144czenia roku szkolnego 2020\/2021 wg nast\u0119puj\u0105cego porz\u0105dku:<\/strong><br><img loading=\"lazy\" decoding=\"async\" width=\"16\" height=\"16\" alt=\"\u27a1\ufe0f\" src=\"https:\/\/static.xx.fbcdn.net\/images\/emoji.php\/v9\/t9e\/1\/16\/27a1.png\"> Godz. 8.30 &#8211; uroczysto\u015b\u0107 w auli dla nagrodzonych uczni\u00f3w klas pierwszych oraz klas drugich A, B, C, D po SP z udzia\u0142em dyrekcji i Wychowawc\u00f3w tych klas.<br><img loading=\"lazy\" decoding=\"async\" width=\"16\" height=\"16\" alt=\"\u27a1\ufe0f\" src=\"https:\/\/static.xx.fbcdn.net\/images\/emoji.php\/v9\/t9e\/1\/16\/27a1.png\"> Godz. 9.30 &#8211; uroczysto\u015b\u0107 w auli dla nagrodzonych uczni\u00f3w klas drugich po GM oraz klas drugich E,F,G po SP z udzia\u0142em dyrekcji i Wychowawc\u00f3w tych klas,<br>Po uroczysto\u015bci w auli odb\u0119d\u0105 si\u0119 spotkania z Wychowawcami, celem wr\u0119czenia uczniom \u015bwiadectw promocyjnych.<br><img loading=\"lazy\" decoding=\"async\" width=\"16\" height=\"16\" alt=\"\u27a1\ufe0f\" src=\"https:\/\/static.xx.fbcdn.net\/images\/emoji.php\/v9\/t9e\/1\/16\/27a1.png\"> Godz.11.00 &#8211; plenarne posiedzenie Rady Pedagogicznej, podsumowanie dzia\u0142alno\u015bci edukacyjnej szko\u0142y w roku 2020\/2021.<br><strong>Przypominamy, \u017ce podczas wszystkich wydarze\u0144 zobowi\u0105zani jeste\u015bmy do przestrzegania zasad sanitarnych (dezynfekcja d\u0142oni, maseczki zas\u0142aniaj\u0105ce nos i usta we wszystkich przestrzeniach wsp\u00f3lnych, zachowanie spo\u0142ecznego dystansu).<\/strong><\/p>\n","protected":false},"excerpt":{"rendered":"<p>W dniu 25 czerwca 2021r. odb\u0119dzie si\u0119 uroczysto\u015b\u0107 zako\u0144czenia roku szkolnego 2020\/2021 wg nast\u0119puj\u0105cego porz\u0105dku: Godz. 8.30 &#8211; uroczysto\u015b\u0107 w auli dla nagrodzonych uczni\u00f3w klas pierwszych oraz klas drugich A, B, C, D po SP z udzia\u0142em dyrekcji i Wychowawc\u00f3w tych klas. Godz. 9.30 &#8211; uroczysto\u015b\u0107 w auli dla nagrodzonych uczni\u00f3w klas drugich po GM [&hellip;]<\/p>\n","protected":false},"author":1,"featured_media":0,"comment_status":"closed","ping_status":"open","sticky":false,"template":"","format":"standard","meta":{"footnotes":""},"categories":[1],"tags":[],"class_list":["post-4322","post","type-post","status-publish","format-standard","hentry","category-bez-kategorii"],"_links":{"self":[{"href":"https:\/\/lo1.szczecin.pl\/index.php\/wp-json\/wp\/v2\/posts\/4322","targetHints":{"allow":["GET"]}}],"collection":[{"href":"https:\/\/lo1.szczecin.pl\/index.php\/wp-json\/wp\/v2\/posts"}],"about":[{"href":"https:\/\/lo1.szczecin.pl\/index.php\/wp-json\/wp\/v2\/types\/post"}],"author":[{"embeddable":true,"href":"https:\/\/lo1.szczecin.pl\/index.php\/wp-json\/wp\/v2\/users\/1"}],"replies":[{"embeddable":true,"href":"https:\/\/lo1.szczecin.pl\/index.php\/wp-json\/wp\/v2\/comments?post=4322"}],"version-history":[{"count":1,"href":"https:\/\/lo1.szczecin.pl\/index.php\/wp-json\/wp\/v2\/posts\/4322\/revisions"}],"predecessor-version":[{"id":4323,"href":"https:\/\/lo1.szczecin.pl\/index.php\/wp-json\/wp\/v2\/posts\/4322\/revisions\/4323"}],"wp:attachment":[{"href":"https:\/\/lo1.szczecin.pl\/index.php\/wp-json\/wp\/v2\/media?parent=4322"}],"wp:term":[{"taxonomy":"category","embeddable":true,"href":"https:\/\/lo1.szczecin.pl\/index.php\/wp-json\/wp\/v2\/categories?post=4322"},{"taxonomy":"post_tag","embeddable":true,"href":"https:\/\/lo1.szczecin.pl\/index.php\/wp-json\/wp\/v2\/tags?post=4322"}],"curies":[{"name":"wp","href":"https:\/\/api.w.org\/{rel}","templated":true}]}}