{"id":4609,"date":"2021-06-21T18:34:00","date_gmt":"2021-06-21T16:34:00","guid":{"rendered":"http:\/\/lo1.szczecin.pl\/?p=4609"},"modified":"2021-12-06T18:45:19","modified_gmt":"2021-12-06T17:45:19","slug":"4609","status":"publish","type":"post","link":"https:\/\/lo1.szczecin.pl\/index.php\/2021\/06\/21\/4609\/","title":{"rendered":"Nietypowa lekcja historii"},"content":{"rendered":"\n<p>Siedemnastego czerwca, tu\u017c przed ko\u0144cem roku szkolnego, uczniowie naszej szko\u0142y mieli okazj\u0119 wzi\u0105\u0107 udzia\u0142 w nietypowej &#8211; bo filmowej &#8211; lekcji historii w ramach SeFF MINI,\u201921 Festiwalu Multimedialnego. By\u0142o to spotkanie dla m\u0142odzie\u017cy licealnej z udzia\u0142em szczeci\u0144skiej dziennikarki i re\u017cyserki filmowej Ma\u0142gorzaty Frymus po\u0142\u0105czone z projekcj\u0105 filmu o tematyce historycznej i spo\u0142ecznej z zakresu polskiej kinematografii i kr\u00f3tk\u0105 prelekcj\u0105. W trakcie czerwcowego spotkania pog\u0142\u0119biali\u015bmy umiej\u0119tno\u015bci krytycznego my\u015blenia, formu\u0142owania s\u0105d\u00f3w i argumentacji, ogl\u0105daj\u0105c \u201cPropagand\u0119 PRL w Polskiej Kronice Filmowej\u201d.&nbsp; Do rocznic, jubileuszy i wydarze\u0144 historycznych odwo\u0142ywali\u015bmy si\u0119 w tw\u00f3rczy spos\u00f3b. Wydarzenie zorganizowane przez Stowarzyszenie OFFicyna dzi\u0119ki hojno\u015bci Mecenas\u00f3w &#8211; Ministra Kultury, Dziedzictwa Narodowego i Sportu, Gminy Miasta Szczecin i Wojew\u00f3dztwa Zachodniopomorskiego. Dofinansowano ze \u015brodk\u00f3w Ministra Kultury, Dziedzictwa Narodowego i Sportu pochodz\u0105cych z Funduszu Promocji Kultury \u2013 pa\u0144stwowego funduszu celowego. Projekt wsp\u00f3\u0142finansowany z bud\u017cet\u00f3w Gminy Miasta Szczecin i Wojew\u00f3dztwa Zachodniopomorskiego.<\/p>\n\n\n\n<figure class=\"wp-block-image size-large\"><img loading=\"lazy\" decoding=\"async\" width=\"818\" height=\"618\" src=\"http:\/\/lo1.szczecin.pl\/wp-content\/uploads\/2021\/12\/SEFF-MINI_logo.jpg\" alt=\"\" class=\"wp-image-4610\" srcset=\"https:\/\/lo1.szczecin.pl\/wp-content\/uploads\/2021\/12\/SEFF-MINI_logo.jpg 818w, https:\/\/lo1.szczecin.pl\/wp-content\/uploads\/2021\/12\/SEFF-MINI_logo-300x227.jpg 300w, https:\/\/lo1.szczecin.pl\/wp-content\/uploads\/2021\/12\/SEFF-MINI_logo-768x580.jpg 768w\" sizes=\"auto, (max-width: 818px) 100vw, 818px\" \/><\/figure>\n\n\n\n<figure class=\"wp-block-image size-large\"><img loading=\"lazy\" decoding=\"async\" width=\"1024\" height=\"576\" src=\"http:\/\/lo1.szczecin.pl\/wp-content\/uploads\/2021\/12\/Plansza_1-SeFF-MINI-organizator-wspolfinansowanie-1024x576.jpg\" alt=\"\" class=\"wp-image-4611\" srcset=\"https:\/\/lo1.szczecin.pl\/wp-content\/uploads\/2021\/12\/Plansza_1-SeFF-MINI-organizator-wspolfinansowanie-1024x576.jpg 1024w, https:\/\/lo1.szczecin.pl\/wp-content\/uploads\/2021\/12\/Plansza_1-SeFF-MINI-organizator-wspolfinansowanie-300x169.jpg 300w, https:\/\/lo1.szczecin.pl\/wp-content\/uploads\/2021\/12\/Plansza_1-SeFF-MINI-organizator-wspolfinansowanie-768x432.jpg 768w, https:\/\/lo1.szczecin.pl\/wp-content\/uploads\/2021\/12\/Plansza_1-SeFF-MINI-organizator-wspolfinansowanie-1536x864.jpg 1536w, https:\/\/lo1.szczecin.pl\/wp-content\/uploads\/2021\/12\/Plansza_1-SeFF-MINI-organizator-wspolfinansowanie.jpg 1920w\" sizes=\"auto, (max-width: 1024px) 100vw, 1024px\" \/><\/figure>\n","protected":false},"excerpt":{"rendered":"<p>Siedemnastego czerwca, tu\u017c przed ko\u0144cem roku szkolnego, uczniowie naszej szko\u0142y mieli okazj\u0119 wzi\u0105\u0107 udzia\u0142 w nietypowej &#8211; bo filmowej &#8211; lekcji historii w ramach SeFF MINI,\u201921 Festiwalu Multimedialnego. By\u0142o to spotkanie dla m\u0142odzie\u017cy licealnej z udzia\u0142em szczeci\u0144skiej dziennikarki i re\u017cyserki filmowej Ma\u0142gorzaty Frymus po\u0142\u0105czone z projekcj\u0105 filmu o tematyce historycznej i spo\u0142ecznej z zakresu polskiej [&hellip;]<\/p>\n","protected":false},"author":1,"featured_media":0,"comment_status":"closed","ping_status":"open","sticky":false,"template":"","format":"standard","meta":{"footnotes":""},"categories":[1],"tags":[],"class_list":["post-4609","post","type-post","status-publish","format-standard","hentry","category-bez-kategorii"],"_links":{"self":[{"href":"https:\/\/lo1.szczecin.pl\/index.php\/wp-json\/wp\/v2\/posts\/4609","targetHints":{"allow":["GET"]}}],"collection":[{"href":"https:\/\/lo1.szczecin.pl\/index.php\/wp-json\/wp\/v2\/posts"}],"about":[{"href":"https:\/\/lo1.szczecin.pl\/index.php\/wp-json\/wp\/v2\/types\/post"}],"author":[{"embeddable":true,"href":"https:\/\/lo1.szczecin.pl\/index.php\/wp-json\/wp\/v2\/users\/1"}],"replies":[{"embeddable":true,"href":"https:\/\/lo1.szczecin.pl\/index.php\/wp-json\/wp\/v2\/comments?post=4609"}],"version-history":[{"count":3,"href":"https:\/\/lo1.szczecin.pl\/index.php\/wp-json\/wp\/v2\/posts\/4609\/revisions"}],"predecessor-version":[{"id":4614,"href":"https:\/\/lo1.szczecin.pl\/index.php\/wp-json\/wp\/v2\/posts\/4609\/revisions\/4614"}],"wp:attachment":[{"href":"https:\/\/lo1.szczecin.pl\/index.php\/wp-json\/wp\/v2\/media?parent=4609"}],"wp:term":[{"taxonomy":"category","embeddable":true,"href":"https:\/\/lo1.szczecin.pl\/index.php\/wp-json\/wp\/v2\/categories?post=4609"},{"taxonomy":"post_tag","embeddable":true,"href":"https:\/\/lo1.szczecin.pl\/index.php\/wp-json\/wp\/v2\/tags?post=4609"}],"curies":[{"name":"wp","href":"https:\/\/api.w.org\/{rel}","templated":true}]}}