{"id":5146,"date":"2022-06-03T11:33:00","date_gmt":"2022-06-03T09:33:00","guid":{"rendered":"http:\/\/lo1.szczecin.pl\/?p=5146"},"modified":"2022-07-27T11:33:52","modified_gmt":"2022-07-27T09:33:52","slug":"uroczyste-zakonczenie-projektu-upamietnic-ludzi-mlodziez-tworzy-przyszlosc","status":"publish","type":"post","link":"https:\/\/lo1.szczecin.pl\/index.php\/2022\/06\/03\/uroczyste-zakonczenie-projektu-upamietnic-ludzi-mlodziez-tworzy-przyszlosc\/","title":{"rendered":"Uroczyste zako\u0144czenie projektu \u201eUpami\u0119tni\u0107 ludzi \u2013 m\u0142odzie\u017c tworzy przysz\u0142o\u015b\u0107\u201d"},"content":{"rendered":"\n<div class=\"wp-block-image\"><figure class=\"aligncenter size-large is-resized\"><img loading=\"lazy\" decoding=\"async\" src=\"http:\/\/lo1.szczecin.pl\/wp-content\/uploads\/2022\/07\/logo2.jpg\" alt=\"\" class=\"wp-image-5151\" width=\"292\" height=\"209\" srcset=\"https:\/\/lo1.szczecin.pl\/wp-content\/uploads\/2022\/07\/logo2.jpg 575w, https:\/\/lo1.szczecin.pl\/wp-content\/uploads\/2022\/07\/logo2-300x214.jpg 300w\" sizes=\"auto, (max-width: 292px) 100vw, 292px\" \/><\/figure><\/div>\n\n\n\n<p><strong>W dniach 30 \u2013 31 maja 2022 r. mia\u0142o miejsce uroczyste zako\u0144czenie pilota\u017cowego projektu \u201eUpami\u0119tni\u0107 ludzi \u2013 m\u0142odzie\u017c tworzy przysz\u0142o\u015b\u0107\u201d, realizowanego przez I Liceum Og\u00f3lnokszta\u0142c\u0105ce w Szczecinie ze szko\u0142\u0105 partnersk\u0105 Gymnasium Carolinum w Niemczech.\u00a0\u00a0\u00a0\u00a0\u00a0\u00a0<\/strong>\u00a0\u00a0\u00a0\u00a0\u00a0\u00a0 \u00a0\u00a0\u00a0\u00a0\u00a0\u00a0\u00a0\u00a0\u00a0\u00a0\u00a0\u00a0<br>Celem projektu by\u0142o opracowanie oraz upami\u0119tnienie os\u00f3b represjonowanych przez Niemcy hitlerowskie, kt\u00f3re nie funkcjonuj\u0105 na kartach historii pisanej. Polscy uczestnicy wybrali by\u0142ych wi\u0119\u017ani\u00f3w oboz\u00f3w koncentracyjnych, ma\u0142\u017ce\u0144stwo Roman\u0119 i Krzysztofa Wilkowskich z Wolina.\u00a0<br>Podczas uroczysto\u015bci ods\u0142oni\u0119to tablic\u0119 upami\u0119tniaj\u0105c\u0105 bohater\u00f3w projektu, kt\u00f3ra zawis\u0142a na fasadzie Muzeum Regionalnego im. Andrzeja Kaubego w Wolinie. <br>Ponadto w Dworku Woli\u0144skim \u2013 Centrum Wsp\u00f3\u0142pracy Mi\u0119dzynarodowej oraz w Muzeum Narodowym w Szczecinie\u00a0 Centrum Dialogu Prze\u0142omy odby\u0142 si\u0119 wernisa\u017c wystawy i promocja publikacji \u201eOcali\u0107 od zapomnienia\u201d przybli\u017caj\u0105cej losy naszych bohater\u00f3w oraz projekcja filmu o ca\u0142ym przedsi\u0119wzi\u0119ciu.<\/p>\n\n\n\n<p>Reporta\u017c i rozmow\u0119 o projekcie \u201eUpami\u0119tni\u0107 ludzi \u2013 m\u0142odzie\u017c tworzy przysz\u0142o\u015b\u0107\u201d mo\u017cna wys\u0142ucha\u0107 na stronie internetowej Radio Szczecin:<\/p>\n\n\n\n<p><a href=\"https:\/\/radioszczecin.pl\/395,3306,upamietnic-ludzi-mlodziez-tworzy-przyszlosc-repo#allphoto-4\">https:\/\/radioszczecin.pl\/395,3306,upamietnic-ludzi-mlodziez-tworzy-przyszlosc-repo#allphoto-4<\/a><\/p>\n\n\n\n<p><strong>Wszystkie dzia\u0142ania zwi\u0105zane z projektem zosta\u0142y \u00a0dofinansowywane ze \u015brodk\u00f3w Polsko \u2013 Niemieckiej Wsp\u00f3\u0142pracy M\u0142odzie\u017cy.<\/strong><\/p>\n\n\n\n<div class=\"wp-block-image\"><figure class=\"aligncenter size-large is-resized\"><img loading=\"lazy\" decoding=\"async\" src=\"http:\/\/lo1.szczecin.pl\/wp-content\/uploads\/2022\/07\/logo_pnwm_dopisek_pion_RGB-1024x582.jpg\" alt=\"\" class=\"wp-image-5152\" width=\"378\" height=\"214\" srcset=\"https:\/\/lo1.szczecin.pl\/wp-content\/uploads\/2022\/07\/logo_pnwm_dopisek_pion_RGB-1024x582.jpg 1024w, https:\/\/lo1.szczecin.pl\/wp-content\/uploads\/2022\/07\/logo_pnwm_dopisek_pion_RGB-300x170.jpg 300w, https:\/\/lo1.szczecin.pl\/wp-content\/uploads\/2022\/07\/logo_pnwm_dopisek_pion_RGB-768x436.jpg 768w, https:\/\/lo1.szczecin.pl\/wp-content\/uploads\/2022\/07\/logo_pnwm_dopisek_pion_RGB-1536x873.jpg 1536w, https:\/\/lo1.szczecin.pl\/wp-content\/uploads\/2022\/07\/logo_pnwm_dopisek_pion_RGB.jpg 1793w\" sizes=\"auto, (max-width: 378px) 100vw, 378px\" \/><\/figure><\/div>\n\n\n\n<div class=\"wp-block-image\"><figure class=\"alignleft size-large is-resized\"><img loading=\"lazy\" decoding=\"async\" src=\"http:\/\/lo1.szczecin.pl\/wp-content\/uploads\/2022\/07\/DSC0748Zakonczenie-projektu-Wolin-Odsloniecie-tablicy-1024x813.jpg\" alt=\"\" class=\"wp-image-5153\" width=\"273\" height=\"217\" srcset=\"https:\/\/lo1.szczecin.pl\/wp-content\/uploads\/2022\/07\/DSC0748Zakonczenie-projektu-Wolin-Odsloniecie-tablicy-1024x813.jpg 1024w, https:\/\/lo1.szczecin.pl\/wp-content\/uploads\/2022\/07\/DSC0748Zakonczenie-projektu-Wolin-Odsloniecie-tablicy-300x238.jpg 300w, https:\/\/lo1.szczecin.pl\/wp-content\/uploads\/2022\/07\/DSC0748Zakonczenie-projektu-Wolin-Odsloniecie-tablicy-768x610.jpg 768w, https:\/\/lo1.szczecin.pl\/wp-content\/uploads\/2022\/07\/DSC0748Zakonczenie-projektu-Wolin-Odsloniecie-tablicy-1536x1220.jpg 1536w, https:\/\/lo1.szczecin.pl\/wp-content\/uploads\/2022\/07\/DSC0748Zakonczenie-projektu-Wolin-Odsloniecie-tablicy-2048x1627.jpg 2048w\" sizes=\"auto, (max-width: 273px) 100vw, 273px\" \/><\/figure><\/div>\n\n\n\n<figure class=\"wp-block-image size-large is-resized\"><img loading=\"lazy\" decoding=\"async\" src=\"http:\/\/lo1.szczecin.pl\/wp-content\/uploads\/2022\/07\/DSC07154-1024x683.jpg\" alt=\"\" class=\"wp-image-5156\" width=\"355\" height=\"236\" srcset=\"https:\/\/lo1.szczecin.pl\/wp-content\/uploads\/2022\/07\/DSC07154-1024x683.jpg 1024w, https:\/\/lo1.szczecin.pl\/wp-content\/uploads\/2022\/07\/DSC07154-300x200.jpg 300w, https:\/\/lo1.szczecin.pl\/wp-content\/uploads\/2022\/07\/DSC07154-768x512.jpg 768w, https:\/\/lo1.szczecin.pl\/wp-content\/uploads\/2022\/07\/DSC07154-1536x1024.jpg 1536w, https:\/\/lo1.szczecin.pl\/wp-content\/uploads\/2022\/07\/DSC07154-2048x1365.jpg 2048w\" sizes=\"auto, (max-width: 355px) 100vw, 355px\" \/><\/figure>\n\n\n\n<div class=\"wp-block-image\"><figure class=\"alignleft size-large is-resized\"><img loading=\"lazy\" decoding=\"async\" src=\"http:\/\/lo1.szczecin.pl\/wp-content\/uploads\/2022\/07\/Zakonczenie-projektu-Przelomy-1024x683.jpg\" alt=\"\" class=\"wp-image-5158\" width=\"342\" height=\"227\" srcset=\"https:\/\/lo1.szczecin.pl\/wp-content\/uploads\/2022\/07\/Zakonczenie-projektu-Przelomy-1024x683.jpg 1024w, https:\/\/lo1.szczecin.pl\/wp-content\/uploads\/2022\/07\/Zakonczenie-projektu-Przelomy-300x200.jpg 300w, https:\/\/lo1.szczecin.pl\/wp-content\/uploads\/2022\/07\/Zakonczenie-projektu-Przelomy-768x512.jpg 768w, https:\/\/lo1.szczecin.pl\/wp-content\/uploads\/2022\/07\/Zakonczenie-projektu-Przelomy-1536x1024.jpg 1536w, https:\/\/lo1.szczecin.pl\/wp-content\/uploads\/2022\/07\/Zakonczenie-projektu-Przelomy-2048x1365.jpg 2048w\" sizes=\"auto, (max-width: 342px) 100vw, 342px\" \/><\/figure><\/div>\n\n\n\n<figure class=\"wp-block-image size-large is-resized\"><img loading=\"lazy\" decoding=\"async\" src=\"http:\/\/lo1.szczecin.pl\/wp-content\/uploads\/2022\/07\/Zakonczenie-projektu-Wolin-przed-muzeum.jpg\" alt=\"\" class=\"wp-image-5159\" width=\"366\" height=\"243\" srcset=\"https:\/\/lo1.szczecin.pl\/wp-content\/uploads\/2022\/07\/Zakonczenie-projektu-Wolin-przed-muzeum.jpg 720w, https:\/\/lo1.szczecin.pl\/wp-content\/uploads\/2022\/07\/Zakonczenie-projektu-Wolin-przed-muzeum-300x200.jpg 300w\" sizes=\"auto, (max-width: 366px) 100vw, 366px\" \/><\/figure>\n\n\n\n<div class=\"wp-block-image\"><figure class=\"alignleft size-large is-resized\"><img loading=\"lazy\" decoding=\"async\" src=\"http:\/\/lo1.szczecin.pl\/wp-content\/uploads\/2022\/07\/Zakonczenie-projektu-Wolin-wystawa.jpg\" alt=\"\" class=\"wp-image-5161\" width=\"319\" height=\"212\" srcset=\"https:\/\/lo1.szczecin.pl\/wp-content\/uploads\/2022\/07\/Zakonczenie-projektu-Wolin-wystawa.jpg 720w, https:\/\/lo1.szczecin.pl\/wp-content\/uploads\/2022\/07\/Zakonczenie-projektu-Wolin-wystawa-300x200.jpg 300w\" sizes=\"auto, (max-width: 319px) 100vw, 319px\" \/><\/figure><\/div>\n\n\n\n<figure class=\"wp-block-image size-large is-resized\"><img loading=\"lazy\" decoding=\"async\" src=\"http:\/\/lo1.szczecin.pl\/wp-content\/uploads\/2022\/07\/DSC07442-1024x683.jpg\" alt=\"\" class=\"wp-image-5162\" width=\"387\" height=\"257\" srcset=\"https:\/\/lo1.szczecin.pl\/wp-content\/uploads\/2022\/07\/DSC07442-1024x683.jpg 1024w, https:\/\/lo1.szczecin.pl\/wp-content\/uploads\/2022\/07\/DSC07442-300x200.jpg 300w, https:\/\/lo1.szczecin.pl\/wp-content\/uploads\/2022\/07\/DSC07442-768x512.jpg 768w, https:\/\/lo1.szczecin.pl\/wp-content\/uploads\/2022\/07\/DSC07442-1536x1024.jpg 1536w, https:\/\/lo1.szczecin.pl\/wp-content\/uploads\/2022\/07\/DSC07442-2048x1365.jpg 2048w\" sizes=\"auto, (max-width: 387px) 100vw, 387px\" \/><\/figure>\n","protected":false},"excerpt":{"rendered":"<p>W dniach 30 \u2013 31 maja 2022 r. mia\u0142o miejsce uroczyste zako\u0144czenie pilota\u017cowego projektu \u201eUpami\u0119tni\u0107 ludzi \u2013 m\u0142odzie\u017c tworzy przysz\u0142o\u015b\u0107\u201d, realizowanego przez I Liceum Og\u00f3lnokszta\u0142c\u0105ce w Szczecinie ze szko\u0142\u0105 partnersk\u0105 Gymnasium Carolinum w Niemczech.\u00a0\u00a0\u00a0\u00a0\u00a0\u00a0\u00a0\u00a0\u00a0\u00a0\u00a0\u00a0 \u00a0\u00a0\u00a0\u00a0\u00a0\u00a0\u00a0\u00a0\u00a0\u00a0\u00a0\u00a0Celem projektu by\u0142o opracowanie oraz upami\u0119tnienie os\u00f3b represjonowanych przez Niemcy hitlerowskie, kt\u00f3re nie funkcjonuj\u0105 na kartach historii pisanej. Polscy uczestnicy wybrali [&hellip;]<\/p>\n","protected":false},"author":1,"featured_media":0,"comment_status":"closed","ping_status":"open","sticky":false,"template":"","format":"standard","meta":{"footnotes":""},"categories":[1],"tags":[],"class_list":["post-5146","post","type-post","status-publish","format-standard","hentry","category-bez-kategorii"],"_links":{"self":[{"href":"https:\/\/lo1.szczecin.pl\/index.php\/wp-json\/wp\/v2\/posts\/5146","targetHints":{"allow":["GET"]}}],"collection":[{"href":"https:\/\/lo1.szczecin.pl\/index.php\/wp-json\/wp\/v2\/posts"}],"about":[{"href":"https:\/\/lo1.szczecin.pl\/index.php\/wp-json\/wp\/v2\/types\/post"}],"author":[{"embeddable":true,"href":"https:\/\/lo1.szczecin.pl\/index.php\/wp-json\/wp\/v2\/users\/1"}],"replies":[{"embeddable":true,"href":"https:\/\/lo1.szczecin.pl\/index.php\/wp-json\/wp\/v2\/comments?post=5146"}],"version-history":[{"count":10,"href":"https:\/\/lo1.szczecin.pl\/index.php\/wp-json\/wp\/v2\/posts\/5146\/revisions"}],"predecessor-version":[{"id":5165,"href":"https:\/\/lo1.szczecin.pl\/index.php\/wp-json\/wp\/v2\/posts\/5146\/revisions\/5165"}],"wp:attachment":[{"href":"https:\/\/lo1.szczecin.pl\/index.php\/wp-json\/wp\/v2\/media?parent=5146"}],"wp:term":[{"taxonomy":"category","embeddable":true,"href":"https:\/\/lo1.szczecin.pl\/index.php\/wp-json\/wp\/v2\/categories?post=5146"},{"taxonomy":"post_tag","embeddable":true,"href":"https:\/\/lo1.szczecin.pl\/index.php\/wp-json\/wp\/v2\/tags?post=5146"}],"curies":[{"name":"wp","href":"https:\/\/api.w.org\/{rel}","templated":true}]}}