{"id":5383,"date":"2022-09-06T12:24:00","date_gmt":"2022-09-06T10:24:00","guid":{"rendered":"http:\/\/lo1.szczecin.pl\/?p=5383"},"modified":"2022-09-06T12:24:01","modified_gmt":"2022-09-06T10:24:01","slug":"narodowe-czytanie","status":"publish","type":"post","link":"https:\/\/lo1.szczecin.pl\/index.php\/2022\/09\/06\/narodowe-czytanie\/","title":{"rendered":"Narodowe czytanie"},"content":{"rendered":"\n<p><strong>Czytamy!<\/strong><br>3 wrze\u015bnia br. Wojewoda Zachodniopomorski Zbigniew Bogucki oraz Zachodniopomorska Kurator O\u015bwiaty Magdalena Zar\u0119bska-Kulesza zorganizowali w ogrodzie Urz\u0119du Wojew\u00f3dzkiego XI edycj\u0119 Narodowego Czytania. We wsp\u00f3lnym czytaniu \u201eBallad i romans\u00f3w\u201d Adama Mickiewicza uczestniczyli organizatorzy, a tak\u017ce nauczyciele, dyrektorzy i uczniowie ze szczeci\u0144skich szk\u00f3\u0142 podstawowych oraz ponadpodstawowych, w tym reprezentanci I LO.<\/p>\n\n\n\n<div class=\"wp-block-image\"><figure class=\"alignleft size-large is-resized\"><img loading=\"lazy\" decoding=\"async\" src=\"http:\/\/lo1.szczecin.pl\/wp-content\/uploads\/2022\/09\/czyt4-768x1024.jpg\" alt=\"\" class=\"wp-image-5384\" width=\"283\" height=\"378\" srcset=\"https:\/\/lo1.szczecin.pl\/wp-content\/uploads\/2022\/09\/czyt4-768x1024.jpg 768w, https:\/\/lo1.szczecin.pl\/wp-content\/uploads\/2022\/09\/czyt4-225x300.jpg 225w, https:\/\/lo1.szczecin.pl\/wp-content\/uploads\/2022\/09\/czyt4-1152x1536.jpg 1152w, https:\/\/lo1.szczecin.pl\/wp-content\/uploads\/2022\/09\/czyt4-1536x2048.jpg 1536w, https:\/\/lo1.szczecin.pl\/wp-content\/uploads\/2022\/09\/czyt4-scaled.jpg 1920w\" sizes=\"auto, (max-width: 283px) 100vw, 283px\" \/><\/figure><\/div>\n\n\n\n<figure class=\"wp-block-image size-large is-resized\"><img loading=\"lazy\" decoding=\"async\" src=\"http:\/\/lo1.szczecin.pl\/wp-content\/uploads\/2022\/09\/czyt3-1024x768.jpg\" alt=\"\" class=\"wp-image-5385\" width=\"423\" height=\"317\" srcset=\"https:\/\/lo1.szczecin.pl\/wp-content\/uploads\/2022\/09\/czyt3-1024x768.jpg 1024w, https:\/\/lo1.szczecin.pl\/wp-content\/uploads\/2022\/09\/czyt3-300x225.jpg 300w, https:\/\/lo1.szczecin.pl\/wp-content\/uploads\/2022\/09\/czyt3-768x576.jpg 768w, https:\/\/lo1.szczecin.pl\/wp-content\/uploads\/2022\/09\/czyt3-1536x1152.jpg 1536w, https:\/\/lo1.szczecin.pl\/wp-content\/uploads\/2022\/09\/czyt3-2048x1536.jpg 2048w\" sizes=\"auto, (max-width: 423px) 100vw, 423px\" \/><\/figure>\n\n\n\n<figure class=\"wp-block-image size-large is-resized\"><img loading=\"lazy\" decoding=\"async\" src=\"http:\/\/lo1.szczecin.pl\/wp-content\/uploads\/2022\/09\/czyt2-1024x768.jpg\" alt=\"\" class=\"wp-image-5386\" width=\"440\" height=\"330\" srcset=\"https:\/\/lo1.szczecin.pl\/wp-content\/uploads\/2022\/09\/czyt2-1024x768.jpg 1024w, https:\/\/lo1.szczecin.pl\/wp-content\/uploads\/2022\/09\/czyt2-300x225.jpg 300w, https:\/\/lo1.szczecin.pl\/wp-content\/uploads\/2022\/09\/czyt2-768x576.jpg 768w, https:\/\/lo1.szczecin.pl\/wp-content\/uploads\/2022\/09\/czyt2-1536x1152.jpg 1536w, https:\/\/lo1.szczecin.pl\/wp-content\/uploads\/2022\/09\/czyt2-2048x1536.jpg 2048w\" sizes=\"auto, (max-width: 440px) 100vw, 440px\" \/><\/figure>\n\n\n\n<div class=\"wp-block-image\"><figure class=\"aligncenter size-large is-resized\"><img loading=\"lazy\" decoding=\"async\" src=\"http:\/\/lo1.szczecin.pl\/wp-content\/uploads\/2022\/09\/czyt1.jpg\" alt=\"\" class=\"wp-image-5388\" width=\"453\" height=\"301\" srcset=\"https:\/\/lo1.szczecin.pl\/wp-content\/uploads\/2022\/09\/czyt1.jpg 960w, https:\/\/lo1.szczecin.pl\/wp-content\/uploads\/2022\/09\/czyt1-300x200.jpg 300w, https:\/\/lo1.szczecin.pl\/wp-content\/uploads\/2022\/09\/czyt1-768x512.jpg 768w\" sizes=\"auto, (max-width: 453px) 100vw, 453px\" \/><\/figure><\/div>\n","protected":false},"excerpt":{"rendered":"<p>Czytamy!3 wrze\u015bnia br. Wojewoda Zachodniopomorski Zbigniew Bogucki oraz Zachodniopomorska Kurator O\u015bwiaty Magdalena Zar\u0119bska-Kulesza zorganizowali w ogrodzie Urz\u0119du Wojew\u00f3dzkiego XI edycj\u0119 Narodowego Czytania. We wsp\u00f3lnym czytaniu \u201eBallad i romans\u00f3w\u201d Adama Mickiewicza uczestniczyli organizatorzy, a tak\u017ce nauczyciele, dyrektorzy i uczniowie ze szczeci\u0144skich szk\u00f3\u0142 podstawowych oraz ponadpodstawowych, w tym reprezentanci I LO.<\/p>\n","protected":false},"author":1,"featured_media":0,"comment_status":"closed","ping_status":"open","sticky":false,"template":"","format":"standard","meta":{"footnotes":""},"categories":[1],"tags":[],"class_list":["post-5383","post","type-post","status-publish","format-standard","hentry","category-bez-kategorii"],"_links":{"self":[{"href":"https:\/\/lo1.szczecin.pl\/index.php\/wp-json\/wp\/v2\/posts\/5383","targetHints":{"allow":["GET"]}}],"collection":[{"href":"https:\/\/lo1.szczecin.pl\/index.php\/wp-json\/wp\/v2\/posts"}],"about":[{"href":"https:\/\/lo1.szczecin.pl\/index.php\/wp-json\/wp\/v2\/types\/post"}],"author":[{"embeddable":true,"href":"https:\/\/lo1.szczecin.pl\/index.php\/wp-json\/wp\/v2\/users\/1"}],"replies":[{"embeddable":true,"href":"https:\/\/lo1.szczecin.pl\/index.php\/wp-json\/wp\/v2\/comments?post=5383"}],"version-history":[{"count":4,"href":"https:\/\/lo1.szczecin.pl\/index.php\/wp-json\/wp\/v2\/posts\/5383\/revisions"}],"predecessor-version":[{"id":5391,"href":"https:\/\/lo1.szczecin.pl\/index.php\/wp-json\/wp\/v2\/posts\/5383\/revisions\/5391"}],"wp:attachment":[{"href":"https:\/\/lo1.szczecin.pl\/index.php\/wp-json\/wp\/v2\/media?parent=5383"}],"wp:term":[{"taxonomy":"category","embeddable":true,"href":"https:\/\/lo1.szczecin.pl\/index.php\/wp-json\/wp\/v2\/categories?post=5383"},{"taxonomy":"post_tag","embeddable":true,"href":"https:\/\/lo1.szczecin.pl\/index.php\/wp-json\/wp\/v2\/tags?post=5383"}],"curies":[{"name":"wp","href":"https:\/\/api.w.org\/{rel}","templated":true}]}}