{"id":5530,"date":"2022-10-10T22:42:54","date_gmt":"2022-10-10T20:42:54","guid":{"rendered":"http:\/\/lo1.szczecin.pl\/?p=5530"},"modified":"2022-10-10T22:42:55","modified_gmt":"2022-10-10T20:42:55","slug":"bieg-im-marii-sklodowskiej-curie-o-pucha-dyrektora-szkoly","status":"publish","type":"post","link":"https:\/\/lo1.szczecin.pl\/index.php\/2022\/10\/10\/bieg-im-marii-sklodowskiej-curie-o-pucha-dyrektora-szkoly\/","title":{"rendered":"Bieg im. Marii Sk\u0142odowskiej-Curie o Pucha Dyrektora szko\u0142y"},"content":{"rendered":"\n<p><strong>Gratulacje dla klasy 1j (wychowawca p.Jadwiga Sta\u015bkiewicz), kt\u00f3ra w Biegu im. Marii Sk\u0142odowskiej-Curie o Puchar Dyrektora szko\u0142y zdoby\u0142a 2029 punkt\u00f3w i tym samym zaj\u0119\u0142a <\/strong><br><strong>I miejsce<\/strong> <img loading=\"lazy\" decoding=\"async\" width=\"16\" height=\"16\" alt=\"\ud83d\ude42\" src=\"https:\/\/static.xx.fbcdn.net\/images\/emoji.php\/v9\/ta5\/1.5\/16\/1f642.png\"><br> Indywidualnie w kategorii dziewcz\u0105t i ch\u0142opc\u00f3w na podium stan\u0119li:<br><strong>&#8211; I miejsce &#8211; Maja Sitek 1g i Oskar Sikorski 1e<br>&#8211; II miejsce &#8211; Izabella Po\u017carycka 1d i Mateusz Gonerko 1 e<br>&#8211; III miejsce &#8211; Barbara Banaszczak 1 g i Alan Maciejewski 1 h<\/strong><\/p>\n\n\n\n<div class=\"wp-block-image\"><figure class=\"aligncenter size-large is-resized\"><img loading=\"lazy\" decoding=\"async\" src=\"http:\/\/lo1.szczecin.pl\/wp-content\/uploads\/2022\/10\/310049661_843766933290036_5628952870255916228_n-1024x768.jpg\" alt=\"\" class=\"wp-image-5533\" width=\"503\" height=\"377\" srcset=\"https:\/\/lo1.szczecin.pl\/wp-content\/uploads\/2022\/10\/310049661_843766933290036_5628952870255916228_n-1024x768.jpg 1024w, https:\/\/lo1.szczecin.pl\/wp-content\/uploads\/2022\/10\/310049661_843766933290036_5628952870255916228_n-300x225.jpg 300w, https:\/\/lo1.szczecin.pl\/wp-content\/uploads\/2022\/10\/310049661_843766933290036_5628952870255916228_n-768x576.jpg 768w, https:\/\/lo1.szczecin.pl\/wp-content\/uploads\/2022\/10\/310049661_843766933290036_5628952870255916228_n-1536x1152.jpg 1536w, https:\/\/lo1.szczecin.pl\/wp-content\/uploads\/2022\/10\/310049661_843766933290036_5628952870255916228_n-2048x1536.jpg 2048w\" sizes=\"auto, (max-width: 503px) 100vw, 503px\" \/><\/figure><\/div>\n\n\n\n<div class=\"wp-block-image\"><figure class=\"aligncenter size-large is-resized\"><img loading=\"lazy\" decoding=\"async\" src=\"http:\/\/lo1.szczecin.pl\/wp-content\/uploads\/2022\/10\/310615633_1833944096943608_1076838240610644386_n-1024x768.jpg\" alt=\"\" class=\"wp-image-5534\" width=\"504\" height=\"378\" srcset=\"https:\/\/lo1.szczecin.pl\/wp-content\/uploads\/2022\/10\/310615633_1833944096943608_1076838240610644386_n-1024x768.jpg 1024w, https:\/\/lo1.szczecin.pl\/wp-content\/uploads\/2022\/10\/310615633_1833944096943608_1076838240610644386_n-300x225.jpg 300w, https:\/\/lo1.szczecin.pl\/wp-content\/uploads\/2022\/10\/310615633_1833944096943608_1076838240610644386_n-768x576.jpg 768w, https:\/\/lo1.szczecin.pl\/wp-content\/uploads\/2022\/10\/310615633_1833944096943608_1076838240610644386_n-1536x1152.jpg 1536w, https:\/\/lo1.szczecin.pl\/wp-content\/uploads\/2022\/10\/310615633_1833944096943608_1076838240610644386_n-2048x1536.jpg 2048w\" sizes=\"auto, (max-width: 504px) 100vw, 504px\" \/><\/figure><\/div>\n\n\n\n<div class=\"wp-block-image\"><figure class=\"aligncenter size-large\"><img loading=\"lazy\" decoding=\"async\" width=\"1024\" height=\"768\" src=\"http:\/\/lo1.szczecin.pl\/wp-content\/uploads\/2022\/10\/311319781_1070767943594400_1581347258714606240_n-1024x768.jpg\" alt=\"\" class=\"wp-image-5535\" srcset=\"https:\/\/lo1.szczecin.pl\/wp-content\/uploads\/2022\/10\/311319781_1070767943594400_1581347258714606240_n-1024x768.jpg 1024w, https:\/\/lo1.szczecin.pl\/wp-content\/uploads\/2022\/10\/311319781_1070767943594400_1581347258714606240_n-300x225.jpg 300w, https:\/\/lo1.szczecin.pl\/wp-content\/uploads\/2022\/10\/311319781_1070767943594400_1581347258714606240_n-768x576.jpg 768w, https:\/\/lo1.szczecin.pl\/wp-content\/uploads\/2022\/10\/311319781_1070767943594400_1581347258714606240_n-1536x1152.jpg 1536w, https:\/\/lo1.szczecin.pl\/wp-content\/uploads\/2022\/10\/311319781_1070767943594400_1581347258714606240_n-2048x1536.jpg 2048w\" sizes=\"auto, (max-width: 1024px) 100vw, 1024px\" \/><\/figure><\/div>\n","protected":false},"excerpt":{"rendered":"<p>Gratulacje dla klasy 1j (wychowawca p.Jadwiga Sta\u015bkiewicz), kt\u00f3ra w Biegu im. Marii Sk\u0142odowskiej-Curie o Puchar Dyrektora szko\u0142y zdoby\u0142a 2029 punkt\u00f3w i tym samym zaj\u0119\u0142a I miejsce Indywidualnie w kategorii dziewcz\u0105t i ch\u0142opc\u00f3w na podium stan\u0119li:&#8211; I miejsce &#8211; Maja Sitek 1g i Oskar Sikorski 1e&#8211; II miejsce &#8211; Izabella Po\u017carycka 1d i Mateusz Gonerko 1 [&hellip;]<\/p>\n","protected":false},"author":1,"featured_media":0,"comment_status":"closed","ping_status":"open","sticky":false,"template":"","format":"standard","meta":{"footnotes":""},"categories":[1],"tags":[],"class_list":["post-5530","post","type-post","status-publish","format-standard","hentry","category-bez-kategorii"],"_links":{"self":[{"href":"https:\/\/lo1.szczecin.pl\/index.php\/wp-json\/wp\/v2\/posts\/5530","targetHints":{"allow":["GET"]}}],"collection":[{"href":"https:\/\/lo1.szczecin.pl\/index.php\/wp-json\/wp\/v2\/posts"}],"about":[{"href":"https:\/\/lo1.szczecin.pl\/index.php\/wp-json\/wp\/v2\/types\/post"}],"author":[{"embeddable":true,"href":"https:\/\/lo1.szczecin.pl\/index.php\/wp-json\/wp\/v2\/users\/1"}],"replies":[{"embeddable":true,"href":"https:\/\/lo1.szczecin.pl\/index.php\/wp-json\/wp\/v2\/comments?post=5530"}],"version-history":[{"count":3,"href":"https:\/\/lo1.szczecin.pl\/index.php\/wp-json\/wp\/v2\/posts\/5530\/revisions"}],"predecessor-version":[{"id":5536,"href":"https:\/\/lo1.szczecin.pl\/index.php\/wp-json\/wp\/v2\/posts\/5530\/revisions\/5536"}],"wp:attachment":[{"href":"https:\/\/lo1.szczecin.pl\/index.php\/wp-json\/wp\/v2\/media?parent=5530"}],"wp:term":[{"taxonomy":"category","embeddable":true,"href":"https:\/\/lo1.szczecin.pl\/index.php\/wp-json\/wp\/v2\/categories?post=5530"},{"taxonomy":"post_tag","embeddable":true,"href":"https:\/\/lo1.szczecin.pl\/index.php\/wp-json\/wp\/v2\/tags?post=5530"}],"curies":[{"name":"wp","href":"https:\/\/api.w.org\/{rel}","templated":true}]}}