{"id":5607,"date":"2022-11-11T10:15:19","date_gmt":"2022-11-11T09:15:19","guid":{"rendered":"http:\/\/lo1.szczecin.pl\/?p=5607"},"modified":"2022-11-11T10:15:20","modified_gmt":"2022-11-11T09:15:20","slug":"celebrujemy-niepodleglosc","status":"publish","type":"post","link":"https:\/\/lo1.szczecin.pl\/index.php\/2022\/11\/11\/celebrujemy-niepodleglosc\/","title":{"rendered":"Celebrujemy Niepodleg\u0142o\u015b\u0107"},"content":{"rendered":"\n<p><strong>9 listopada w szkole \u015bwi\u0119towali\u015bmy Narodowe \u015awi\u0119to Niepodleg\u0142o\u015bci. Zesp\u00f3\u0142 historyk\u00f3w przygotowa\u0142 r\u00f3\u017cne dzia\u0142ania, aby wsp\u00f3lnie  przez ca\u0142y dzie\u0144 celebrowa\u0107 niepodleg\u0142o\u015b\u0107.<\/strong><br>Mi\u0119dzy innymi odby\u0142o si\u0119 wsp\u00f3lne \u015bpiewanie pie\u015bni &#8222;My pierwsza brygada&#8221;, konkurs na film, wyk\u0142ady, wystawa, czy gry historyczne.<\/p>\n\n\n\n<div class=\"wp-block-image\"><figure class=\"aligncenter size-large is-resized\"><img loading=\"lazy\" decoding=\"async\" src=\"http:\/\/lo1.szczecin.pl\/wp-content\/uploads\/2022\/11\/315107016_1152661832031580_7464222354312776690_n.jpg\" alt=\"\" class=\"wp-image-5608\" width=\"512\" height=\"682\" srcset=\"https:\/\/lo1.szczecin.pl\/wp-content\/uploads\/2022\/11\/315107016_1152661832031580_7464222354312776690_n.jpg 768w, https:\/\/lo1.szczecin.pl\/wp-content\/uploads\/2022\/11\/315107016_1152661832031580_7464222354312776690_n-225x300.jpg 225w\" sizes=\"auto, (max-width: 512px) 100vw, 512px\" \/><\/figure><\/div>\n","protected":false},"excerpt":{"rendered":"<p>9 listopada w szkole \u015bwi\u0119towali\u015bmy Narodowe \u015awi\u0119to Niepodleg\u0142o\u015bci. Zesp\u00f3\u0142 historyk\u00f3w przygotowa\u0142 r\u00f3\u017cne dzia\u0142ania, aby wsp\u00f3lnie przez ca\u0142y dzie\u0144 celebrowa\u0107 niepodleg\u0142o\u015b\u0107.Mi\u0119dzy innymi odby\u0142o si\u0119 wsp\u00f3lne \u015bpiewanie pie\u015bni &#8222;My pierwsza brygada&#8221;, konkurs na film, wyk\u0142ady, wystawa, czy gry historyczne.<\/p>\n","protected":false},"author":1,"featured_media":0,"comment_status":"closed","ping_status":"open","sticky":false,"template":"","format":"standard","meta":{"footnotes":""},"categories":[1],"tags":[],"class_list":["post-5607","post","type-post","status-publish","format-standard","hentry","category-bez-kategorii"],"_links":{"self":[{"href":"https:\/\/lo1.szczecin.pl\/index.php\/wp-json\/wp\/v2\/posts\/5607","targetHints":{"allow":["GET"]}}],"collection":[{"href":"https:\/\/lo1.szczecin.pl\/index.php\/wp-json\/wp\/v2\/posts"}],"about":[{"href":"https:\/\/lo1.szczecin.pl\/index.php\/wp-json\/wp\/v2\/types\/post"}],"author":[{"embeddable":true,"href":"https:\/\/lo1.szczecin.pl\/index.php\/wp-json\/wp\/v2\/users\/1"}],"replies":[{"embeddable":true,"href":"https:\/\/lo1.szczecin.pl\/index.php\/wp-json\/wp\/v2\/comments?post=5607"}],"version-history":[{"count":1,"href":"https:\/\/lo1.szczecin.pl\/index.php\/wp-json\/wp\/v2\/posts\/5607\/revisions"}],"predecessor-version":[{"id":5609,"href":"https:\/\/lo1.szczecin.pl\/index.php\/wp-json\/wp\/v2\/posts\/5607\/revisions\/5609"}],"wp:attachment":[{"href":"https:\/\/lo1.szczecin.pl\/index.php\/wp-json\/wp\/v2\/media?parent=5607"}],"wp:term":[{"taxonomy":"category","embeddable":true,"href":"https:\/\/lo1.szczecin.pl\/index.php\/wp-json\/wp\/v2\/categories?post=5607"},{"taxonomy":"post_tag","embeddable":true,"href":"https:\/\/lo1.szczecin.pl\/index.php\/wp-json\/wp\/v2\/tags?post=5607"}],"curies":[{"name":"wp","href":"https:\/\/api.w.org\/{rel}","templated":true}]}}