{"id":5689,"date":"2022-11-15T16:46:00","date_gmt":"2022-11-15T15:46:00","guid":{"rendered":"http:\/\/lo1.szczecin.pl\/?p=5689"},"modified":"2022-12-16T16:47:04","modified_gmt":"2022-12-16T15:47:04","slug":"spotkanie-autorskie-ocalic-od-zapomnienia","status":"publish","type":"post","link":"https:\/\/lo1.szczecin.pl\/index.php\/2022\/11\/15\/spotkanie-autorskie-ocalic-od-zapomnienia\/","title":{"rendered":"Spotkanie autorskie \u201eOcali\u0107 od zapomnienia\u201d"},"content":{"rendered":"\n<p><strong>W dniu 10 listopada uczniowie i koordynatorzy projektu \u201eUpami\u0119tni\u0107 ludzi \u2013 M\u0142odzie\u017c tworzy przysz\u0142o\u015b\u0107\u201d wzi\u0119li udzia\u0142 w spotkaniu autorskim zorganizowanym w auli <a href=\"https:\/\/pl-pl.facebook.com\/people\/Publiczna-Szko%C5%82a-Podstawowa-im-Boles%C5%82awa-Krzywoustego-w-Wolinie\/100069180137914\/?__cft__%5b0%5d=AZXmdxxAYY8rtmBOegKJveoc5jg3M5wn9EIweG_tSgSvyAzGuKFNVr1Dow40G-jz2PEOzPiPePxoWBv0n7pPujDAMOHt3qHBOVScq1bbIvwskOBpR6Um3jRFnF4cpTgRUU2RfCmffnqKtsL2jJxyEDG1nX1rcko2LlY_SOImiNiy3NVxXPGt19HAEarZo7kc9qzQ0fr5Fvxi3Zj66JGP2keu&amp;__tn__=-%5dK-R\">Publicznej Szko\u0142y Podstawowej im. Boles\u0142awa Krzywoustego w Wolinie<\/a> <\/strong>przez Bibliotek\u0119 Publiczn\u0105 Gminy Wolin. Wydarzenie dotyczy\u0142o pa\u0144stwa Romany i Krzysztofa Wilkowskich, bohater\u00f3w ksi\u0105\u017cki \u201eOcali\u0107 od zapomnienia\u201d, kt\u00f3ra uwie\u0144czy\u0142a prac\u0119 nad projektem I LO ze szko\u0142\u0105 partnersk\u0105 Gymnasium Carolinum w Neustrelitz. W trakcie spotkania koordynatorzy projektu zapoznali m\u0142odzie\u017c szk\u00f3\u0142 woli\u0144skich i przyby\u0142ych go\u015bci z celami, przebiegiem i efektami pracy nad projektem, zaprezentowali film o projekcie i wystaw\u0119 &#8222;Upami\u0119tni\u0107 ludzi&#8221;, przygotowan\u0105 na jego uroczyste zako\u0144czenie w Muzeum Regionalnym w Wolinie, w dniu 31 maja 2022. Nast\u0119pnie cz\u0142onkowie rodziny Wilkowskich przybli\u017cyli niezwyk\u0142e prze\u017cycia wojenne i powojenne swoich rodzic\u00f3w ilustrowane archiwalnymi zdj\u0119ciami. Po zako\u0144czeniu spotkania jego uczestnicy udali si\u0119 pod Kolegiat\u0119 \u015bw. Miko\u0142aja w Wolinie, gdzie w obecno\u015bci Pani Burmistrz Ewy Grzybowskiej ods\u0142oni\u0119to tablic\u0119 pami\u0105tkow\u0105 oraz zasadzono cis pami\u0119ci ku czci Romany i Krzysztofa Wilkowskich.<\/p>\n\n\n\n<p><strong>Udzia\u0142 w spotkaniu naszej delegacji, oraz film, jaki powstanie z tego wydarzenia, zosta\u0142 dofinansowany ze \u015brodk\u00f3w Polsko-Niemieckiej Wsp\u00f3\u0142pracy M\u0142odzie\u017cy.<\/strong><\/p>\n\n\n\n<div class=\"wp-block-image\"><figure class=\"aligncenter size-large\"><img loading=\"lazy\" decoding=\"async\" width=\"1024\" height=\"230\" src=\"http:\/\/lo1.szczecin.pl\/wp-content\/uploads\/2022\/12\/Logo-PNWM-POZIOM-JPG-z-dopiskiem1-1024x230.jpg\" alt=\"\" class=\"wp-image-5691\" srcset=\"https:\/\/lo1.szczecin.pl\/wp-content\/uploads\/2022\/12\/Logo-PNWM-POZIOM-JPG-z-dopiskiem1-1024x230.jpg 1024w, https:\/\/lo1.szczecin.pl\/wp-content\/uploads\/2022\/12\/Logo-PNWM-POZIOM-JPG-z-dopiskiem1-300x67.jpg 300w, https:\/\/lo1.szczecin.pl\/wp-content\/uploads\/2022\/12\/Logo-PNWM-POZIOM-JPG-z-dopiskiem1-768x172.jpg 768w, https:\/\/lo1.szczecin.pl\/wp-content\/uploads\/2022\/12\/Logo-PNWM-POZIOM-JPG-z-dopiskiem1-1536x344.jpg 1536w, https:\/\/lo1.szczecin.pl\/wp-content\/uploads\/2022\/12\/Logo-PNWM-POZIOM-JPG-z-dopiskiem1-2048x459.jpg 2048w\" sizes=\"auto, (max-width: 1024px) 100vw, 1024px\" \/><\/figure><\/div>\n\n\n\n<div class=\"wp-block-image\"><figure class=\"alignleft size-large is-resized\"><img loading=\"lazy\" decoding=\"async\" src=\"http:\/\/lo1.szczecin.pl\/wp-content\/uploads\/2022\/12\/Bohaterzy-projektu-1024x683.jpg\" alt=\"\" class=\"wp-image-5692\" width=\"373\" height=\"248\" srcset=\"https:\/\/lo1.szczecin.pl\/wp-content\/uploads\/2022\/12\/Bohaterzy-projektu-1024x683.jpg 1024w, https:\/\/lo1.szczecin.pl\/wp-content\/uploads\/2022\/12\/Bohaterzy-projektu-300x200.jpg 300w, https:\/\/lo1.szczecin.pl\/wp-content\/uploads\/2022\/12\/Bohaterzy-projektu-768x512.jpg 768w, https:\/\/lo1.szczecin.pl\/wp-content\/uploads\/2022\/12\/Bohaterzy-projektu-1536x1024.jpg 1536w, https:\/\/lo1.szczecin.pl\/wp-content\/uploads\/2022\/12\/Bohaterzy-projektu.jpg 2048w\" sizes=\"auto, (max-width: 373px) 100vw, 373px\" \/><\/figure><\/div>\n\n\n\n<div class=\"wp-block-image\"><figure class=\"aligncenter size-large is-resized\"><img loading=\"lazy\" decoding=\"async\" src=\"http:\/\/lo1.szczecin.pl\/wp-content\/uploads\/2022\/12\/Podziekowania-1024x683.jpg\" alt=\"\" class=\"wp-image-5693\" width=\"349\" height=\"232\" srcset=\"https:\/\/lo1.szczecin.pl\/wp-content\/uploads\/2022\/12\/Podziekowania-1024x683.jpg 1024w, https:\/\/lo1.szczecin.pl\/wp-content\/uploads\/2022\/12\/Podziekowania-300x200.jpg 300w, https:\/\/lo1.szczecin.pl\/wp-content\/uploads\/2022\/12\/Podziekowania-768x512.jpg 768w, https:\/\/lo1.szczecin.pl\/wp-content\/uploads\/2022\/12\/Podziekowania-1536x1024.jpg 1536w, https:\/\/lo1.szczecin.pl\/wp-content\/uploads\/2022\/12\/Podziekowania.jpg 2048w\" sizes=\"auto, (max-width: 349px) 100vw, 349px\" \/><\/figure><\/div>\n\n\n\n<div class=\"wp-block-image\"><figure class=\"alignleft size-large is-resized\"><img loading=\"lazy\" decoding=\"async\" src=\"http:\/\/lo1.szczecin.pl\/wp-content\/uploads\/2022\/12\/Na-spotkaniu-w-auli-1024x683.jpg\" alt=\"\" class=\"wp-image-5694\" width=\"357\" height=\"237\" srcset=\"https:\/\/lo1.szczecin.pl\/wp-content\/uploads\/2022\/12\/Na-spotkaniu-w-auli-1024x683.jpg 1024w, https:\/\/lo1.szczecin.pl\/wp-content\/uploads\/2022\/12\/Na-spotkaniu-w-auli-300x200.jpg 300w, https:\/\/lo1.szczecin.pl\/wp-content\/uploads\/2022\/12\/Na-spotkaniu-w-auli-768x512.jpg 768w, https:\/\/lo1.szczecin.pl\/wp-content\/uploads\/2022\/12\/Na-spotkaniu-w-auli-1536x1024.jpg 1536w, https:\/\/lo1.szczecin.pl\/wp-content\/uploads\/2022\/12\/Na-spotkaniu-w-auli.jpg 2048w\" sizes=\"auto, (max-width: 357px) 100vw, 357px\" \/><\/figure><\/div>\n\n\n\n<div class=\"wp-block-image\"><figure class=\"aligncenter size-large is-resized\"><img loading=\"lazy\" decoding=\"async\" src=\"http:\/\/lo1.szczecin.pl\/wp-content\/uploads\/2022\/12\/Posadzenie-cisu-1024x683.jpg\" alt=\"\" class=\"wp-image-5695\" width=\"354\" height=\"235\" srcset=\"https:\/\/lo1.szczecin.pl\/wp-content\/uploads\/2022\/12\/Posadzenie-cisu-1024x683.jpg 1024w, https:\/\/lo1.szczecin.pl\/wp-content\/uploads\/2022\/12\/Posadzenie-cisu-300x200.jpg 300w, https:\/\/lo1.szczecin.pl\/wp-content\/uploads\/2022\/12\/Posadzenie-cisu-768x512.jpg 768w, https:\/\/lo1.szczecin.pl\/wp-content\/uploads\/2022\/12\/Posadzenie-cisu-1536x1024.jpg 1536w, https:\/\/lo1.szczecin.pl\/wp-content\/uploads\/2022\/12\/Posadzenie-cisu.jpg 2048w\" sizes=\"auto, (max-width: 354px) 100vw, 354px\" \/><\/figure><\/div>\n\n\n\n<div class=\"wp-block-image\"><figure class=\"aligncenter size-large is-resized\"><img loading=\"lazy\" decoding=\"async\" src=\"http:\/\/lo1.szczecin.pl\/wp-content\/uploads\/2022\/12\/Zgromadzeni-goscie-1024x683.jpg\" alt=\"\" class=\"wp-image-5696\" width=\"444\" height=\"295\" srcset=\"https:\/\/lo1.szczecin.pl\/wp-content\/uploads\/2022\/12\/Zgromadzeni-goscie-1024x683.jpg 1024w, https:\/\/lo1.szczecin.pl\/wp-content\/uploads\/2022\/12\/Zgromadzeni-goscie-300x200.jpg 300w, https:\/\/lo1.szczecin.pl\/wp-content\/uploads\/2022\/12\/Zgromadzeni-goscie-768x512.jpg 768w, https:\/\/lo1.szczecin.pl\/wp-content\/uploads\/2022\/12\/Zgromadzeni-goscie-1536x1024.jpg 1536w, https:\/\/lo1.szczecin.pl\/wp-content\/uploads\/2022\/12\/Zgromadzeni-goscie.jpg 2048w\" sizes=\"auto, (max-width: 444px) 100vw, 444px\" \/><\/figure><\/div>\n\n\n\n<figure class=\"wp-block-image size-large is-resized\"><img loading=\"lazy\" decoding=\"async\" src=\"http:\/\/lo1.szczecin.pl\/wp-content\/uploads\/2022\/12\/Prezentacja-wystawy-1024x683.jpg\" alt=\"\" class=\"wp-image-5697\" width=\"443\" height=\"294\" srcset=\"https:\/\/lo1.szczecin.pl\/wp-content\/uploads\/2022\/12\/Prezentacja-wystawy-1024x683.jpg 1024w, https:\/\/lo1.szczecin.pl\/wp-content\/uploads\/2022\/12\/Prezentacja-wystawy-300x200.jpg 300w, https:\/\/lo1.szczecin.pl\/wp-content\/uploads\/2022\/12\/Prezentacja-wystawy-768x512.jpg 768w, https:\/\/lo1.szczecin.pl\/wp-content\/uploads\/2022\/12\/Prezentacja-wystawy-1536x1024.jpg 1536w, https:\/\/lo1.szczecin.pl\/wp-content\/uploads\/2022\/12\/Prezentacja-wystawy.jpg 2048w\" sizes=\"auto, (max-width: 443px) 100vw, 443px\" \/><\/figure>\n","protected":false},"excerpt":{"rendered":"<p>W dniu 10 listopada uczniowie i koordynatorzy projektu \u201eUpami\u0119tni\u0107 ludzi \u2013 M\u0142odzie\u017c tworzy przysz\u0142o\u015b\u0107\u201d wzi\u0119li udzia\u0142 w spotkaniu autorskim zorganizowanym w auli Publicznej Szko\u0142y Podstawowej im. Boles\u0142awa Krzywoustego w Wolinie przez Bibliotek\u0119 Publiczn\u0105 Gminy Wolin. Wydarzenie dotyczy\u0142o pa\u0144stwa Romany i Krzysztofa Wilkowskich, bohater\u00f3w ksi\u0105\u017cki \u201eOcali\u0107 od zapomnienia\u201d, kt\u00f3ra uwie\u0144czy\u0142a prac\u0119 nad projektem I LO ze [&hellip;]<\/p>\n","protected":false},"author":1,"featured_media":0,"comment_status":"closed","ping_status":"open","sticky":false,"template":"","format":"standard","meta":{"footnotes":""},"categories":[1],"tags":[],"class_list":["post-5689","post","type-post","status-publish","format-standard","hentry","category-bez-kategorii"],"_links":{"self":[{"href":"https:\/\/lo1.szczecin.pl\/index.php\/wp-json\/wp\/v2\/posts\/5689","targetHints":{"allow":["GET"]}}],"collection":[{"href":"https:\/\/lo1.szczecin.pl\/index.php\/wp-json\/wp\/v2\/posts"}],"about":[{"href":"https:\/\/lo1.szczecin.pl\/index.php\/wp-json\/wp\/v2\/types\/post"}],"author":[{"embeddable":true,"href":"https:\/\/lo1.szczecin.pl\/index.php\/wp-json\/wp\/v2\/users\/1"}],"replies":[{"embeddable":true,"href":"https:\/\/lo1.szczecin.pl\/index.php\/wp-json\/wp\/v2\/comments?post=5689"}],"version-history":[{"count":1,"href":"https:\/\/lo1.szczecin.pl\/index.php\/wp-json\/wp\/v2\/posts\/5689\/revisions"}],"predecessor-version":[{"id":5698,"href":"https:\/\/lo1.szczecin.pl\/index.php\/wp-json\/wp\/v2\/posts\/5689\/revisions\/5698"}],"wp:attachment":[{"href":"https:\/\/lo1.szczecin.pl\/index.php\/wp-json\/wp\/v2\/media?parent=5689"}],"wp:term":[{"taxonomy":"category","embeddable":true,"href":"https:\/\/lo1.szczecin.pl\/index.php\/wp-json\/wp\/v2\/categories?post=5689"},{"taxonomy":"post_tag","embeddable":true,"href":"https:\/\/lo1.szczecin.pl\/index.php\/wp-json\/wp\/v2\/tags?post=5689"}],"curies":[{"name":"wp","href":"https:\/\/api.w.org\/{rel}","templated":true}]}}