{"id":5825,"date":"2023-02-02T08:48:09","date_gmt":"2023-02-02T07:48:09","guid":{"rendered":"http:\/\/lo1.szczecin.pl\/?p=5825"},"modified":"2023-02-02T08:48:10","modified_gmt":"2023-02-02T07:48:10","slug":"ratowanie-na-spontanie","status":"publish","type":"post","link":"https:\/\/lo1.szczecin.pl\/index.php\/2023\/02\/02\/ratowanie-na-spontanie\/","title":{"rendered":"Ratowanie na spontanie"},"content":{"rendered":"\n<p>W styczniu pi\u0119\u0107 klas mia\u0142o przyjemno\u015b\u0107 go\u015bci\u0107 u siebie student\u00f3w Pomorskiego Uniwersytetu Medycznego i jednocze\u015bnie reprezentant\u00f3w IFMSA-Poland Oddzia\u0142 Szczecin &#8211; Stowarzyszenia Student\u00f3w Medycyny IFMSA-Poland. <br><strong>W ramach zaoferowanej naszej szkole akcji &#8222;Ratowanie na spontanie&#8221;, ponad 10 go\u015bci przypomnia\u0142o naszym uczniom zasady udzielania pierwszej pomocy w teorii i w praktyce. <\/strong>By\u0142a prezentacja informacji, quiz, a tak\u017ce \u0107wiczenia w przeprowadzaniu resuscytacji kr\u0105\u017ceniowo-oddechowej. Wizyty go\u015bci koordynowa\u0142a pani Ma\u0142gorzata Zalewska. Bardzo dzi\u0119kujemy naszym go\u015bciom za warto\u015bciowe spotkania, a zaanga\u017cowanym uczennicom i uczniom \u2013 za aktywny udzia\u0142.<\/p>\n\n\n\n<div class=\"wp-block-image\"><figure class=\"aligncenter size-large is-resized\"><img loading=\"lazy\" decoding=\"async\" src=\"http:\/\/lo1.szczecin.pl\/wp-content\/uploads\/2023\/02\/IMG_20230111_130649469-1024x769.jpg\" alt=\"\" class=\"wp-image-5826\" width=\"451\" height=\"338\" srcset=\"https:\/\/lo1.szczecin.pl\/wp-content\/uploads\/2023\/02\/IMG_20230111_130649469-1024x769.jpg 1024w, https:\/\/lo1.szczecin.pl\/wp-content\/uploads\/2023\/02\/IMG_20230111_130649469-300x225.jpg 300w, https:\/\/lo1.szczecin.pl\/wp-content\/uploads\/2023\/02\/IMG_20230111_130649469-768x577.jpg 768w, https:\/\/lo1.szczecin.pl\/wp-content\/uploads\/2023\/02\/IMG_20230111_130649469-1536x1153.jpg 1536w, https:\/\/lo1.szczecin.pl\/wp-content\/uploads\/2023\/02\/IMG_20230111_130649469-2048x1538.jpg 2048w\" sizes=\"auto, (max-width: 451px) 100vw, 451px\" \/><\/figure><\/div>\n\n\n\n<div class=\"wp-block-image\"><figure class=\"aligncenter size-large is-resized\"><img loading=\"lazy\" decoding=\"async\" src=\"http:\/\/lo1.szczecin.pl\/wp-content\/uploads\/2023\/02\/IMG_20230111_130642137_HDR-1024x769.jpg\" alt=\"\" class=\"wp-image-5827\" width=\"467\" height=\"350\" srcset=\"https:\/\/lo1.szczecin.pl\/wp-content\/uploads\/2023\/02\/IMG_20230111_130642137_HDR-1024x769.jpg 1024w, https:\/\/lo1.szczecin.pl\/wp-content\/uploads\/2023\/02\/IMG_20230111_130642137_HDR-300x225.jpg 300w, https:\/\/lo1.szczecin.pl\/wp-content\/uploads\/2023\/02\/IMG_20230111_130642137_HDR-768x577.jpg 768w, https:\/\/lo1.szczecin.pl\/wp-content\/uploads\/2023\/02\/IMG_20230111_130642137_HDR-1536x1153.jpg 1536w, https:\/\/lo1.szczecin.pl\/wp-content\/uploads\/2023\/02\/IMG_20230111_130642137_HDR-2048x1538.jpg 2048w\" sizes=\"auto, (max-width: 467px) 100vw, 467px\" \/><\/figure><\/div>\n","protected":false},"excerpt":{"rendered":"<p>W styczniu pi\u0119\u0107 klas mia\u0142o przyjemno\u015b\u0107 go\u015bci\u0107 u siebie student\u00f3w Pomorskiego Uniwersytetu Medycznego i jednocze\u015bnie reprezentant\u00f3w IFMSA-Poland Oddzia\u0142 Szczecin &#8211; Stowarzyszenia Student\u00f3w Medycyny IFMSA-Poland. W ramach zaoferowanej naszej szkole akcji &#8222;Ratowanie na spontanie&#8221;, ponad 10 go\u015bci przypomnia\u0142o naszym uczniom zasady udzielania pierwszej pomocy w teorii i w praktyce. By\u0142a prezentacja informacji, quiz, a tak\u017ce \u0107wiczenia [&hellip;]<\/p>\n","protected":false},"author":1,"featured_media":0,"comment_status":"closed","ping_status":"open","sticky":false,"template":"","format":"standard","meta":{"footnotes":""},"categories":[1],"tags":[],"class_list":["post-5825","post","type-post","status-publish","format-standard","hentry","category-bez-kategorii"],"_links":{"self":[{"href":"https:\/\/lo1.szczecin.pl\/index.php\/wp-json\/wp\/v2\/posts\/5825","targetHints":{"allow":["GET"]}}],"collection":[{"href":"https:\/\/lo1.szczecin.pl\/index.php\/wp-json\/wp\/v2\/posts"}],"about":[{"href":"https:\/\/lo1.szczecin.pl\/index.php\/wp-json\/wp\/v2\/types\/post"}],"author":[{"embeddable":true,"href":"https:\/\/lo1.szczecin.pl\/index.php\/wp-json\/wp\/v2\/users\/1"}],"replies":[{"embeddable":true,"href":"https:\/\/lo1.szczecin.pl\/index.php\/wp-json\/wp\/v2\/comments?post=5825"}],"version-history":[{"count":1,"href":"https:\/\/lo1.szczecin.pl\/index.php\/wp-json\/wp\/v2\/posts\/5825\/revisions"}],"predecessor-version":[{"id":5828,"href":"https:\/\/lo1.szczecin.pl\/index.php\/wp-json\/wp\/v2\/posts\/5825\/revisions\/5828"}],"wp:attachment":[{"href":"https:\/\/lo1.szczecin.pl\/index.php\/wp-json\/wp\/v2\/media?parent=5825"}],"wp:term":[{"taxonomy":"category","embeddable":true,"href":"https:\/\/lo1.szczecin.pl\/index.php\/wp-json\/wp\/v2\/categories?post=5825"},{"taxonomy":"post_tag","embeddable":true,"href":"https:\/\/lo1.szczecin.pl\/index.php\/wp-json\/wp\/v2\/tags?post=5825"}],"curies":[{"name":"wp","href":"https:\/\/api.w.org\/{rel}","templated":true}]}}