{"id":5962,"date":"2023-03-19T14:14:29","date_gmt":"2023-03-19T13:14:29","guid":{"rendered":"http:\/\/lo1.szczecin.pl\/?p=5962"},"modified":"2023-03-19T14:14:31","modified_gmt":"2023-03-19T13:14:31","slug":"sukces-w-stolicy","status":"publish","type":"post","link":"https:\/\/lo1.szczecin.pl\/index.php\/2023\/03\/19\/sukces-w-stolicy\/","title":{"rendered":"Sukces w stolicy!"},"content":{"rendered":"\n<p><strong>W ten weekend w Warszawie, nasze uczennice Wiktoria Stempowska i Zuzanna Budzi\u0144ska wzi\u0119\u0142y udzia\u0142 w etapie centralnym IX edycji Olimpiady Wiedzy o Mediach. Opiekun nauczyciel p. Jaros\u0142aw Usowicz. <\/strong><br><br>Niezmiernie mi\u0142o nam og\u0142osi\u0107, \u017ce <strong>Wiktoria zdoby\u0142a tytu\u0142 finalisty Olimpiady <\/strong><img loading=\"lazy\" decoding=\"async\" width=\"16\" height=\"16\" alt=\"\ud83d\ude42\" src=\"https:\/\/static.xx.fbcdn.net\/images\/emoji.php\/v9\/ta5\/1.5\/16\/1f642.png\">  <br>Gratulujemy sukcesu! Brawa tez dla Zuzi, kt\u00f3ra w przysz\u0142ym roku postanowi\u0142a ponownie powalczy\u0107 <br>w Olimpiadzie.<br><a href=\"https:\/\/www.facebook.com\/olimpiadawiedzyomediach?__cft__[0]=AZUutq97Fkc80MJOKzJcHJ7k1hXup5heBRgoltFeNMmIYYG_XCcpVNTfzezRmtV2O7sB0QCZDirN5WzuaQh5DxXAQt-etzm6or9MmFtWd4B3HCSdr3RI2FBqs-bqoDutMNefldli4ymOPOQTUXaNOEOb&amp;__tn__=-]K-R\">Olimpiada Wiedzy o Mediach<\/a> jest interdyscyplinarn\u0105 olimpiad\u0105 organizowan\u0105 ju\u017c od dziewi\u0119ciu lat. Organizatorem konkursu jest Wydzia\u0142 Dziennikarstwa, Informacji i Bibliologii Uniwersytetu Warszawskiego, za\u015b wsp\u00f3\u0142organizatorami &#8211; 15 wy\u017cszych uczelni na terenie ca\u0142ego kraju.<\/p>\n\n\n\n<div class=\"wp-block-image\"><figure class=\"alignleft size-large is-resized\"><img loading=\"lazy\" decoding=\"async\" src=\"http:\/\/lo1.szczecin.pl\/wp-content\/uploads\/2023\/03\/334011400_148847644471633_4919316570388368369_n-461x1024.jpg\" alt=\"\" class=\"wp-image-5969\" width=\"227\" height=\"503\" srcset=\"https:\/\/lo1.szczecin.pl\/wp-content\/uploads\/2023\/03\/334011400_148847644471633_4919316570388368369_n-461x1024.jpg 461w, https:\/\/lo1.szczecin.pl\/wp-content\/uploads\/2023\/03\/334011400_148847644471633_4919316570388368369_n-135x300.jpg 135w, https:\/\/lo1.szczecin.pl\/wp-content\/uploads\/2023\/03\/334011400_148847644471633_4919316570388368369_n-rotated.jpg 900w\" sizes=\"auto, (max-width: 227px) 100vw, 227px\" \/><\/figure><\/div>\n\n\n\n<figure class=\"wp-block-image size-large is-resized\"><img loading=\"lazy\" decoding=\"async\" src=\"http:\/\/lo1.szczecin.pl\/wp-content\/uploads\/2023\/03\/334102092_1314685646057529_2870774865184716776_n-461x1024.jpg\" alt=\"\" class=\"wp-image-5970\" width=\"233\" height=\"518\" srcset=\"https:\/\/lo1.szczecin.pl\/wp-content\/uploads\/2023\/03\/334102092_1314685646057529_2870774865184716776_n-461x1024.jpg 461w, https:\/\/lo1.szczecin.pl\/wp-content\/uploads\/2023\/03\/334102092_1314685646057529_2870774865184716776_n-135x300.jpg 135w, https:\/\/lo1.szczecin.pl\/wp-content\/uploads\/2023\/03\/334102092_1314685646057529_2870774865184716776_n-768x1707.jpg 768w, https:\/\/lo1.szczecin.pl\/wp-content\/uploads\/2023\/03\/334102092_1314685646057529_2870774865184716776_n-691x1536.jpg 691w, https:\/\/lo1.szczecin.pl\/wp-content\/uploads\/2023\/03\/334102092_1314685646057529_2870774865184716776_n.jpg 900w\" sizes=\"auto, (max-width: 233px) 100vw, 233px\" \/><\/figure>\n\n\n\n<div class=\"wp-block-image\"><figure class=\"alignleft size-large is-resized\"><img loading=\"lazy\" decoding=\"async\" src=\"http:\/\/lo1.szczecin.pl\/wp-content\/uploads\/2023\/03\/333947805_1179421396110675_8829054389352932701_n-461x1024.jpg\" alt=\"\" class=\"wp-image-5973\" width=\"280\" height=\"622\" srcset=\"https:\/\/lo1.szczecin.pl\/wp-content\/uploads\/2023\/03\/333947805_1179421396110675_8829054389352932701_n-461x1024.jpg 461w, https:\/\/lo1.szczecin.pl\/wp-content\/uploads\/2023\/03\/333947805_1179421396110675_8829054389352932701_n-135x300.jpg 135w, https:\/\/lo1.szczecin.pl\/wp-content\/uploads\/2023\/03\/333947805_1179421396110675_8829054389352932701_n-768x1707.jpg 768w, https:\/\/lo1.szczecin.pl\/wp-content\/uploads\/2023\/03\/333947805_1179421396110675_8829054389352932701_n-691x1536.jpg 691w, https:\/\/lo1.szczecin.pl\/wp-content\/uploads\/2023\/03\/333947805_1179421396110675_8829054389352932701_n.jpg 900w\" sizes=\"auto, (max-width: 280px) 100vw, 280px\" \/><\/figure><\/div>\n\n\n\n<figure class=\"wp-block-image size-large is-resized\"><img loading=\"lazy\" decoding=\"async\" src=\"http:\/\/lo1.szczecin.pl\/wp-content\/uploads\/2023\/03\/334028155_955964398733038_5902870892247817282_n-1-461x1024.jpg\" alt=\"\" class=\"wp-image-5972\" width=\"285\" height=\"634\" srcset=\"https:\/\/lo1.szczecin.pl\/wp-content\/uploads\/2023\/03\/334028155_955964398733038_5902870892247817282_n-1-461x1024.jpg 461w, https:\/\/lo1.szczecin.pl\/wp-content\/uploads\/2023\/03\/334028155_955964398733038_5902870892247817282_n-1-135x300.jpg 135w, https:\/\/lo1.szczecin.pl\/wp-content\/uploads\/2023\/03\/334028155_955964398733038_5902870892247817282_n-1-768x1707.jpg 768w, https:\/\/lo1.szczecin.pl\/wp-content\/uploads\/2023\/03\/334028155_955964398733038_5902870892247817282_n-1-691x1536.jpg 691w, https:\/\/lo1.szczecin.pl\/wp-content\/uploads\/2023\/03\/334028155_955964398733038_5902870892247817282_n-1-rotated.jpg 900w\" sizes=\"auto, (max-width: 285px) 100vw, 285px\" \/><\/figure>\n\n\n\n<figure class=\"wp-block-image size-large is-resized\"><img loading=\"lazy\" decoding=\"async\" src=\"http:\/\/lo1.szczecin.pl\/wp-content\/uploads\/2023\/03\/333954248_734963871641336_7653372478877197638_n-1024x461.jpg\" alt=\"\" class=\"wp-image-5975\" width=\"500\" height=\"225\" srcset=\"https:\/\/lo1.szczecin.pl\/wp-content\/uploads\/2023\/03\/333954248_734963871641336_7653372478877197638_n-1024x461.jpg 1024w, https:\/\/lo1.szczecin.pl\/wp-content\/uploads\/2023\/03\/333954248_734963871641336_7653372478877197638_n-300x135.jpg 300w, https:\/\/lo1.szczecin.pl\/wp-content\/uploads\/2023\/03\/333954248_734963871641336_7653372478877197638_n-768x346.jpg 768w, https:\/\/lo1.szczecin.pl\/wp-content\/uploads\/2023\/03\/333954248_734963871641336_7653372478877197638_n-1536x691.jpg 1536w, https:\/\/lo1.szczecin.pl\/wp-content\/uploads\/2023\/03\/333954248_734963871641336_7653372478877197638_n.jpg 2000w\" sizes=\"auto, (max-width: 500px) 100vw, 500px\" \/><\/figure>\n\n\n\n<figure class=\"wp-block-image size-large is-resized\"><img loading=\"lazy\" decoding=\"async\" src=\"http:\/\/lo1.szczecin.pl\/wp-content\/uploads\/2023\/03\/334051405_2333975396764569_8862417820172402447_n-1-1024x461.jpg\" alt=\"\" class=\"wp-image-5976\" width=\"502\" height=\"226\" srcset=\"https:\/\/lo1.szczecin.pl\/wp-content\/uploads\/2023\/03\/334051405_2333975396764569_8862417820172402447_n-1-1024x461.jpg 1024w, https:\/\/lo1.szczecin.pl\/wp-content\/uploads\/2023\/03\/334051405_2333975396764569_8862417820172402447_n-1-300x135.jpg 300w, https:\/\/lo1.szczecin.pl\/wp-content\/uploads\/2023\/03\/334051405_2333975396764569_8862417820172402447_n-1-768x346.jpg 768w, https:\/\/lo1.szczecin.pl\/wp-content\/uploads\/2023\/03\/334051405_2333975396764569_8862417820172402447_n-1-1536x691.jpg 1536w, https:\/\/lo1.szczecin.pl\/wp-content\/uploads\/2023\/03\/334051405_2333975396764569_8862417820172402447_n-1.jpg 2000w\" sizes=\"auto, (max-width: 502px) 100vw, 502px\" \/><\/figure>\n","protected":false},"excerpt":{"rendered":"<p>W ten weekend w Warszawie, nasze uczennice Wiktoria Stempowska i Zuzanna Budzi\u0144ska wzi\u0119\u0142y udzia\u0142 w etapie centralnym IX edycji Olimpiady Wiedzy o Mediach. Opiekun nauczyciel p. Jaros\u0142aw Usowicz. Niezmiernie mi\u0142o nam og\u0142osi\u0107, \u017ce Wiktoria zdoby\u0142a tytu\u0142 finalisty Olimpiady Gratulujemy sukcesu! Brawa tez dla Zuzi, kt\u00f3ra w przysz\u0142ym roku postanowi\u0142a ponownie powalczy\u0107 w Olimpiadzie.Olimpiada Wiedzy o [&hellip;]<\/p>\n","protected":false},"author":1,"featured_media":0,"comment_status":"closed","ping_status":"open","sticky":false,"template":"","format":"standard","meta":{"footnotes":""},"categories":[1],"tags":[],"class_list":["post-5962","post","type-post","status-publish","format-standard","hentry","category-bez-kategorii"],"_links":{"self":[{"href":"https:\/\/lo1.szczecin.pl\/index.php\/wp-json\/wp\/v2\/posts\/5962","targetHints":{"allow":["GET"]}}],"collection":[{"href":"https:\/\/lo1.szczecin.pl\/index.php\/wp-json\/wp\/v2\/posts"}],"about":[{"href":"https:\/\/lo1.szczecin.pl\/index.php\/wp-json\/wp\/v2\/types\/post"}],"author":[{"embeddable":true,"href":"https:\/\/lo1.szczecin.pl\/index.php\/wp-json\/wp\/v2\/users\/1"}],"replies":[{"embeddable":true,"href":"https:\/\/lo1.szczecin.pl\/index.php\/wp-json\/wp\/v2\/comments?post=5962"}],"version-history":[{"count":14,"href":"https:\/\/lo1.szczecin.pl\/index.php\/wp-json\/wp\/v2\/posts\/5962\/revisions"}],"predecessor-version":[{"id":5984,"href":"https:\/\/lo1.szczecin.pl\/index.php\/wp-json\/wp\/v2\/posts\/5962\/revisions\/5984"}],"wp:attachment":[{"href":"https:\/\/lo1.szczecin.pl\/index.php\/wp-json\/wp\/v2\/media?parent=5962"}],"wp:term":[{"taxonomy":"category","embeddable":true,"href":"https:\/\/lo1.szczecin.pl\/index.php\/wp-json\/wp\/v2\/categories?post=5962"},{"taxonomy":"post_tag","embeddable":true,"href":"https:\/\/lo1.szczecin.pl\/index.php\/wp-json\/wp\/v2\/tags?post=5962"}],"curies":[{"name":"wp","href":"https:\/\/api.w.org\/{rel}","templated":true}]}}