{"id":6130,"date":"2023-06-01T14:46:50","date_gmt":"2023-06-01T12:46:50","guid":{"rendered":"http:\/\/lo1.szczecin.pl\/?p=6130"},"modified":"2023-06-01T14:46:51","modified_gmt":"2023-06-01T12:46:51","slug":"matury-dodatkowy-termin","status":"publish","type":"post","link":"https:\/\/lo1.szczecin.pl\/index.php\/2023\/06\/01\/matury-dodatkowy-termin\/","title":{"rendered":"Matury &#8211; dodatkowy termin"},"content":{"rendered":"\n<p>Dzi\u015b, w Dzie\u0144 Dziecka, rozpoczyna si\u0119 sesja maturalna w terminie dodatkowym dla absolwent\u00f3w, kt\u00f3rzy nie mogli przyst\u0105pi\u0107 do egzamin\u00f3w w obowi\u0105zuj\u0105cych terminach.<\/p>\n\n\n\n<p><strong>Osobiste \u017cyczenia powodzenia, z\u0142o\u017cy\u0142a zdaj\u0105cym Zachodniopomorska Kurator O\u015bwiaty, Pani Katarzyna Koszewska.<\/strong><\/p>\n\n\n\n<p><em>My te\u017c do\u0142\u0105czamy si\u0119 do \u017cycze\u0144 i trzymamy kciuki!<\/em><\/p>\n\n\n\n<div class=\"wp-block-image\"><figure class=\"aligncenter size-large is-resized\"><img loading=\"lazy\" decoding=\"async\" src=\"http:\/\/lo1.szczecin.pl\/wp-content\/uploads\/2023\/06\/348358370_278191661327428_3782340491137921893_n-771x1024.jpg\" alt=\"\" class=\"wp-image-6132\" width=\"276\" height=\"366\" srcset=\"https:\/\/lo1.szczecin.pl\/wp-content\/uploads\/2023\/06\/348358370_278191661327428_3782340491137921893_n-771x1024.jpg 771w, https:\/\/lo1.szczecin.pl\/wp-content\/uploads\/2023\/06\/348358370_278191661327428_3782340491137921893_n-226x300.jpg 226w, https:\/\/lo1.szczecin.pl\/wp-content\/uploads\/2023\/06\/348358370_278191661327428_3782340491137921893_n-768x1021.jpg 768w, https:\/\/lo1.szczecin.pl\/wp-content\/uploads\/2023\/06\/348358370_278191661327428_3782340491137921893_n-1156x1536.jpg 1156w, https:\/\/lo1.szczecin.pl\/wp-content\/uploads\/2023\/06\/348358370_278191661327428_3782340491137921893_n.jpg 1204w\" sizes=\"auto, (max-width: 276px) 100vw, 276px\" \/><\/figure><\/div>\n\n\n\n<figure class=\"wp-block-image size-large is-resized\"><img loading=\"lazy\" decoding=\"async\" src=\"http:\/\/lo1.szczecin.pl\/wp-content\/uploads\/2023\/06\/348359171_786192669569777_6952554708634841672_n-1024x771.jpg\" alt=\"\" class=\"wp-image-6137\" width=\"483\" height=\"363\" srcset=\"https:\/\/lo1.szczecin.pl\/wp-content\/uploads\/2023\/06\/348359171_786192669569777_6952554708634841672_n-1024x771.jpg 1024w, https:\/\/lo1.szczecin.pl\/wp-content\/uploads\/2023\/06\/348359171_786192669569777_6952554708634841672_n-300x226.jpg 300w, https:\/\/lo1.szczecin.pl\/wp-content\/uploads\/2023\/06\/348359171_786192669569777_6952554708634841672_n-768x578.jpg 768w, https:\/\/lo1.szczecin.pl\/wp-content\/uploads\/2023\/06\/348359171_786192669569777_6952554708634841672_n-1536x1156.jpg 1536w, https:\/\/lo1.szczecin.pl\/wp-content\/uploads\/2023\/06\/348359171_786192669569777_6952554708634841672_n.jpg 1600w\" sizes=\"auto, (max-width: 483px) 100vw, 483px\" \/><\/figure>\n","protected":false},"excerpt":{"rendered":"<p>Dzi\u015b, w Dzie\u0144 Dziecka, rozpoczyna si\u0119 sesja maturalna w terminie dodatkowym dla absolwent\u00f3w, kt\u00f3rzy nie mogli przyst\u0105pi\u0107 do egzamin\u00f3w w obowi\u0105zuj\u0105cych terminach. Osobiste \u017cyczenia powodzenia, z\u0142o\u017cy\u0142a zdaj\u0105cym Zachodniopomorska Kurator O\u015bwiaty, Pani Katarzyna Koszewska. My te\u017c do\u0142\u0105czamy si\u0119 do \u017cycze\u0144 i trzymamy kciuki!<\/p>\n","protected":false},"author":1,"featured_media":0,"comment_status":"closed","ping_status":"open","sticky":false,"template":"","format":"standard","meta":{"footnotes":""},"categories":[1],"tags":[],"class_list":["post-6130","post","type-post","status-publish","format-standard","hentry","category-bez-kategorii"],"_links":{"self":[{"href":"https:\/\/lo1.szczecin.pl\/index.php\/wp-json\/wp\/v2\/posts\/6130","targetHints":{"allow":["GET"]}}],"collection":[{"href":"https:\/\/lo1.szczecin.pl\/index.php\/wp-json\/wp\/v2\/posts"}],"about":[{"href":"https:\/\/lo1.szczecin.pl\/index.php\/wp-json\/wp\/v2\/types\/post"}],"author":[{"embeddable":true,"href":"https:\/\/lo1.szczecin.pl\/index.php\/wp-json\/wp\/v2\/users\/1"}],"replies":[{"embeddable":true,"href":"https:\/\/lo1.szczecin.pl\/index.php\/wp-json\/wp\/v2\/comments?post=6130"}],"version-history":[{"count":2,"href":"https:\/\/lo1.szczecin.pl\/index.php\/wp-json\/wp\/v2\/posts\/6130\/revisions"}],"predecessor-version":[{"id":6139,"href":"https:\/\/lo1.szczecin.pl\/index.php\/wp-json\/wp\/v2\/posts\/6130\/revisions\/6139"}],"wp:attachment":[{"href":"https:\/\/lo1.szczecin.pl\/index.php\/wp-json\/wp\/v2\/media?parent=6130"}],"wp:term":[{"taxonomy":"category","embeddable":true,"href":"https:\/\/lo1.szczecin.pl\/index.php\/wp-json\/wp\/v2\/categories?post=6130"},{"taxonomy":"post_tag","embeddable":true,"href":"https:\/\/lo1.szczecin.pl\/index.php\/wp-json\/wp\/v2\/tags?post=6130"}],"curies":[{"name":"wp","href":"https:\/\/api.w.org\/{rel}","templated":true}]}}