{"id":6140,"date":"2023-06-07T14:26:58","date_gmt":"2023-06-07T12:26:58","guid":{"rendered":"http:\/\/lo1.szczecin.pl\/?p=6140"},"modified":"2023-06-07T14:26:59","modified_gmt":"2023-06-07T12:26:59","slug":"podsumowanie-konkursu","status":"publish","type":"post","link":"https:\/\/lo1.szczecin.pl\/index.php\/2023\/06\/07\/podsumowanie-konkursu\/","title":{"rendered":"Podsumowanie konkursu"},"content":{"rendered":"\n<p><strong>4 czerwca, w Pa\u0142acu M\u0142odzie\u017cy odby\u0142o si\u0119 podsumowanie konkursu \u201eCzy znasz wojew\u00f3dztwo zachodniopomorskie\u201d.<\/strong><br>Nasza szko\u0142a zdominowa\u0142a list\u0119 zwyci\u0119zc\u00f3w i wyr\u00f3\u017cnionych. <br>Pierwsze miejsce zaj\u0105\u0142 Kuba z klasy 1a, trzecie miejsce zaj\u0119\u0142a Marta z klasy 2a, wyr\u00f3\u017cnienia otrzymali Nina, Ola, Zuzia, Kalina, Amelia i Staszek.<\/p>\n\n\n\n<div class=\"wp-block-image\"><figure class=\"aligncenter size-large is-resized\"><img loading=\"lazy\" decoding=\"async\" src=\"http:\/\/lo1.szczecin.pl\/wp-content\/uploads\/2023\/06\/351320496_6918154508197232_7068418749748034853_n.jpg\" alt=\"\" class=\"wp-image-6141\" width=\"307\" height=\"262\" srcset=\"https:\/\/lo1.szczecin.pl\/wp-content\/uploads\/2023\/06\/351320496_6918154508197232_7068418749748034853_n.jpg 750w, https:\/\/lo1.szczecin.pl\/wp-content\/uploads\/2023\/06\/351320496_6918154508197232_7068418749748034853_n-300x256.jpg 300w\" sizes=\"auto, (max-width: 307px) 100vw, 307px\" \/><\/figure><\/div>\n","protected":false},"excerpt":{"rendered":"<p>4 czerwca, w Pa\u0142acu M\u0142odzie\u017cy odby\u0142o si\u0119 podsumowanie konkursu \u201eCzy znasz wojew\u00f3dztwo zachodniopomorskie\u201d.Nasza szko\u0142a zdominowa\u0142a list\u0119 zwyci\u0119zc\u00f3w i wyr\u00f3\u017cnionych. Pierwsze miejsce zaj\u0105\u0142 Kuba z klasy 1a, trzecie miejsce zaj\u0119\u0142a Marta z klasy 2a, wyr\u00f3\u017cnienia otrzymali Nina, Ola, Zuzia, Kalina, Amelia i Staszek.<\/p>\n","protected":false},"author":1,"featured_media":0,"comment_status":"closed","ping_status":"open","sticky":false,"template":"","format":"standard","meta":{"footnotes":""},"categories":[1],"tags":[],"class_list":["post-6140","post","type-post","status-publish","format-standard","hentry","category-bez-kategorii"],"_links":{"self":[{"href":"https:\/\/lo1.szczecin.pl\/index.php\/wp-json\/wp\/v2\/posts\/6140","targetHints":{"allow":["GET"]}}],"collection":[{"href":"https:\/\/lo1.szczecin.pl\/index.php\/wp-json\/wp\/v2\/posts"}],"about":[{"href":"https:\/\/lo1.szczecin.pl\/index.php\/wp-json\/wp\/v2\/types\/post"}],"author":[{"embeddable":true,"href":"https:\/\/lo1.szczecin.pl\/index.php\/wp-json\/wp\/v2\/users\/1"}],"replies":[{"embeddable":true,"href":"https:\/\/lo1.szczecin.pl\/index.php\/wp-json\/wp\/v2\/comments?post=6140"}],"version-history":[{"count":1,"href":"https:\/\/lo1.szczecin.pl\/index.php\/wp-json\/wp\/v2\/posts\/6140\/revisions"}],"predecessor-version":[{"id":6142,"href":"https:\/\/lo1.szczecin.pl\/index.php\/wp-json\/wp\/v2\/posts\/6140\/revisions\/6142"}],"wp:attachment":[{"href":"https:\/\/lo1.szczecin.pl\/index.php\/wp-json\/wp\/v2\/media?parent=6140"}],"wp:term":[{"taxonomy":"category","embeddable":true,"href":"https:\/\/lo1.szczecin.pl\/index.php\/wp-json\/wp\/v2\/categories?post=6140"},{"taxonomy":"post_tag","embeddable":true,"href":"https:\/\/lo1.szczecin.pl\/index.php\/wp-json\/wp\/v2\/tags?post=6140"}],"curies":[{"name":"wp","href":"https:\/\/api.w.org\/{rel}","templated":true}]}}