{"id":6143,"date":"2023-06-07T14:30:59","date_gmt":"2023-06-07T12:30:59","guid":{"rendered":"http:\/\/lo1.szczecin.pl\/?p=6143"},"modified":"2023-06-07T14:31:00","modified_gmt":"2023-06-07T12:31:00","slug":"uroczystosc-w-auli-nasze-autorskie-konkursy","status":"publish","type":"post","link":"https:\/\/lo1.szczecin.pl\/index.php\/2023\/06\/07\/uroczystosc-w-auli-nasze-autorskie-konkursy\/","title":{"rendered":"Uroczysto\u015b\u0107 w auli &#8211; nasze autorskie konkursy"},"content":{"rendered":"\n<p><strong>W pi\u0105tek 02 czerwca odby\u0142o si\u0119 kolejne podsumowanie konkurs\u00f3w organizowanych w naszym liceum dla uczni\u00f3w szk\u00f3\u0142 podstawowych. <\/strong><br>By\u0142a to XVI edycja konkursu Szczecin w s\u0142owie i obrazie, oraz VI edycja Konkursu chemiczno &#8211; fizycznego z elementami wiedzy o Marii Sk\u0142odowskiej-Curie. Laureaci odebrali dyplomy i nagrody, a ich opiekunowie podzi\u0119kowania za trud w\u0142o\u017cony w przygotowanie swoich podopiecznych. <br><strong>Wyst\u0119p Mai Oraczy\u0144skiej w roli Marii Sk\u0142odowskiej, Bartosza \u017bugaja <\/strong><br><strong>i Agaty S\u0142owinskiej, u\u015bwietni\u0142y ca\u0142\u0105 uroczysto\u015b\u0107 poprowadzon\u0105 bardzo profesjonalnie przez Marcina Fabisiak i Dari\u0119 Pilitowsk\u0105 z kl. 3c.<\/strong><\/p>\n\n\n\n<figure class=\"wp-block-image size-large\"><img loading=\"lazy\" decoding=\"async\" width=\"1024\" height=\"683\" src=\"http:\/\/lo1.szczecin.pl\/wp-content\/uploads\/2023\/06\/351336501_651338463510815_5105501542664800736_n-1024x683.jpg\" alt=\"\" class=\"wp-image-6146\" srcset=\"https:\/\/lo1.szczecin.pl\/wp-content\/uploads\/2023\/06\/351336501_651338463510815_5105501542664800736_n-1024x683.jpg 1024w, https:\/\/lo1.szczecin.pl\/wp-content\/uploads\/2023\/06\/351336501_651338463510815_5105501542664800736_n-300x200.jpg 300w, https:\/\/lo1.szczecin.pl\/wp-content\/uploads\/2023\/06\/351336501_651338463510815_5105501542664800736_n-768x512.jpg 768w, https:\/\/lo1.szczecin.pl\/wp-content\/uploads\/2023\/06\/351336501_651338463510815_5105501542664800736_n-1536x1024.jpg 1536w, https:\/\/lo1.szczecin.pl\/wp-content\/uploads\/2023\/06\/351336501_651338463510815_5105501542664800736_n.jpg 2048w\" sizes=\"auto, (max-width: 1024px) 100vw, 1024px\" \/><\/figure>\n\n\n\n<p><\/p>\n","protected":false},"excerpt":{"rendered":"<p>W pi\u0105tek 02 czerwca odby\u0142o si\u0119 kolejne podsumowanie konkurs\u00f3w organizowanych w naszym liceum dla uczni\u00f3w szk\u00f3\u0142 podstawowych. By\u0142a to XVI edycja konkursu Szczecin w s\u0142owie i obrazie, oraz VI edycja Konkursu chemiczno &#8211; fizycznego z elementami wiedzy o Marii Sk\u0142odowskiej-Curie. Laureaci odebrali dyplomy i nagrody, a ich opiekunowie podzi\u0119kowania za trud w\u0142o\u017cony w przygotowanie swoich [&hellip;]<\/p>\n","protected":false},"author":1,"featured_media":0,"comment_status":"closed","ping_status":"open","sticky":false,"template":"","format":"standard","meta":{"footnotes":""},"categories":[1],"tags":[],"class_list":["post-6143","post","type-post","status-publish","format-standard","hentry","category-bez-kategorii"],"_links":{"self":[{"href":"https:\/\/lo1.szczecin.pl\/index.php\/wp-json\/wp\/v2\/posts\/6143","targetHints":{"allow":["GET"]}}],"collection":[{"href":"https:\/\/lo1.szczecin.pl\/index.php\/wp-json\/wp\/v2\/posts"}],"about":[{"href":"https:\/\/lo1.szczecin.pl\/index.php\/wp-json\/wp\/v2\/types\/post"}],"author":[{"embeddable":true,"href":"https:\/\/lo1.szczecin.pl\/index.php\/wp-json\/wp\/v2\/users\/1"}],"replies":[{"embeddable":true,"href":"https:\/\/lo1.szczecin.pl\/index.php\/wp-json\/wp\/v2\/comments?post=6143"}],"version-history":[{"count":2,"href":"https:\/\/lo1.szczecin.pl\/index.php\/wp-json\/wp\/v2\/posts\/6143\/revisions"}],"predecessor-version":[{"id":6148,"href":"https:\/\/lo1.szczecin.pl\/index.php\/wp-json\/wp\/v2\/posts\/6143\/revisions\/6148"}],"wp:attachment":[{"href":"https:\/\/lo1.szczecin.pl\/index.php\/wp-json\/wp\/v2\/media?parent=6143"}],"wp:term":[{"taxonomy":"category","embeddable":true,"href":"https:\/\/lo1.szczecin.pl\/index.php\/wp-json\/wp\/v2\/categories?post=6143"},{"taxonomy":"post_tag","embeddable":true,"href":"https:\/\/lo1.szczecin.pl\/index.php\/wp-json\/wp\/v2\/tags?post=6143"}],"curies":[{"name":"wp","href":"https:\/\/api.w.org\/{rel}","templated":true}]}}