{"id":6149,"date":"2023-06-07T15:05:05","date_gmt":"2023-06-07T13:05:05","guid":{"rendered":"http:\/\/lo1.szczecin.pl\/?p=6149"},"modified":"2023-06-07T15:05:06","modified_gmt":"2023-06-07T13:05:06","slug":"szkolne-swieto-ksiazki-2","status":"publish","type":"post","link":"https:\/\/lo1.szczecin.pl\/index.php\/2023\/06\/07\/szkolne-swieto-ksiazki-2\/","title":{"rendered":"Szkolne \u015awi\u0119to Ksi\u0105\u017cki"},"content":{"rendered":"\n<p><strong>W dniach 5-7 czerwca obchodzili\u015bmy w I LO doroczne \u015awi\u0119to Ksi\u0105\u017cki. <\/strong><br>Do tradycji nale\u017cy Aleja Wolnych Ksi\u0105\u017cek, czyli bookcrossing na korytarzu I pi\u0119tra. <br>Pierwszego dnia o godz. 11 go\u015bcili\u015bmy w czytelni <strong>p. Monik\u0119 Szymanik, <\/strong>w\u0142a\u015bcicielk\u0119 kawiarni literackiej Kamienica w Lesie przy ul. Pocztowej, fotografk\u0119 i pisark\u0119, kt\u00f3ra opowiada\u0142a o pi\u0119knie szczeci\u0144skich secesyjnych kamienic i obdarowa\u0142a nasz\u0105 bibliotek\u0119 albumami swojego autorstwa.<br>Drugiego dnia uczniowie klas 3d, 1d i 1a czytali fragmenty swoich ulubionych ksi\u0105\u017cek w ramach akcji <strong>\u201e5 minut dla ksi\u0105\u017cki\u201d<\/strong>. By\u0142 \u201ePortret Doriana Graya\u201d, Lovecraft, \u201eNie\u015bmiertelny\u201d, \u201eZ\u0142odziejka ksi\u0105\u017cek\u201d, \u201eGeek girls\u201d i\u2026 \u201eLalka\u201d (!). Autorzy prac literackich i plastycznych odebrali nagrody za udzia\u0142 w \u015awi\u0119cie Ksi\u0105\u017cki.<br>Trzeciego dnia o 11 podejmowali\u015bmy w auli szczeci\u0144skiego <strong>pisarza Marka Stelara,<\/strong> autora poczytnych krymina\u0142\u00f3w, kt\u00f3ry 3 czerwca podczas 20. Mi\u0119dzynarodowego Festiwalu Krymina\u0142u odebra\u0142 Nagrod\u0119 Wielkiego Kalibru za powie\u015b\u0107 \u201eKrzywda\u201d. Po serdecznych gratulacjach tak presti\u017cowego wyr\u00f3\u017cnienia rozmawiali\u015bmy m.in. o pisaniu, o tym, sk\u0105d si\u0119 bior\u0105 pomys\u0142y na fabu\u0142\u0119 i jakich innych pisarzy lubi czyta\u0107. Spotkanie zako\u0144czy\u0142y wyst\u0119py uczni\u00f3w klas Ih, 2d <br>i 3d w scenkach swojego autorstwa oraz 3d we fragmentach \u201eTrojanek\u201d Eurypidesa po w\u0142osku.<\/p>\n\n\n\n<div class=\"wp-block-image\"><figure class=\"alignleft size-large is-resized\"><img loading=\"lazy\" decoding=\"async\" src=\"http:\/\/lo1.szczecin.pl\/wp-content\/uploads\/2023\/06\/image39-rotated.jpeg\" alt=\"\" class=\"wp-image-6153\" width=\"277\" height=\"369\" srcset=\"https:\/\/lo1.szczecin.pl\/wp-content\/uploads\/2023\/06\/image39-rotated.jpeg 480w, https:\/\/lo1.szczecin.pl\/wp-content\/uploads\/2023\/06\/image39-225x300.jpeg 225w\" sizes=\"auto, (max-width: 277px) 100vw, 277px\" \/><\/figure><\/div>\n\n\n\n<figure class=\"wp-block-image size-large is-resized\"><img loading=\"lazy\" decoding=\"async\" src=\"http:\/\/lo1.szczecin.pl\/wp-content\/uploads\/2023\/06\/image16-rotated.jpeg\" alt=\"\" class=\"wp-image-6154\" width=\"284\" height=\"378\" srcset=\"https:\/\/lo1.szczecin.pl\/wp-content\/uploads\/2023\/06\/image16-rotated.jpeg 480w, https:\/\/lo1.szczecin.pl\/wp-content\/uploads\/2023\/06\/image16-225x300.jpeg 225w\" sizes=\"auto, (max-width: 284px) 100vw, 284px\" \/><\/figure>\n\n\n\n<div class=\"wp-block-image\"><figure class=\"alignleft size-large is-resized\"><img loading=\"lazy\" decoding=\"async\" src=\"http:\/\/lo1.szczecin.pl\/wp-content\/uploads\/2023\/06\/image19-rotated.jpeg\" alt=\"\" class=\"wp-image-6156\" width=\"294\" height=\"392\" srcset=\"https:\/\/lo1.szczecin.pl\/wp-content\/uploads\/2023\/06\/image19-rotated.jpeg 480w, https:\/\/lo1.szczecin.pl\/wp-content\/uploads\/2023\/06\/image19-225x300.jpeg 225w\" sizes=\"auto, (max-width: 294px) 100vw, 294px\" \/><\/figure><\/div>\n\n\n\n<figure class=\"wp-block-image size-large is-resized\"><img loading=\"lazy\" decoding=\"async\" src=\"http:\/\/lo1.szczecin.pl\/wp-content\/uploads\/2023\/06\/image40-rotated.jpeg\" alt=\"\" class=\"wp-image-6157\" width=\"302\" height=\"402\" srcset=\"https:\/\/lo1.szczecin.pl\/wp-content\/uploads\/2023\/06\/image40-rotated.jpeg 480w, https:\/\/lo1.szczecin.pl\/wp-content\/uploads\/2023\/06\/image40-225x300.jpeg 225w\" sizes=\"auto, (max-width: 302px) 100vw, 302px\" \/><\/figure>\n\n\n\n<div class=\"wp-block-image\"><figure class=\"alignleft size-large is-resized\"><img loading=\"lazy\" decoding=\"async\" src=\"http:\/\/lo1.szczecin.pl\/wp-content\/uploads\/2023\/06\/348365312_980713666290704_5599921279174928583_n.jpg\" alt=\"\" class=\"wp-image-6159\" width=\"440\" height=\"330\" srcset=\"https:\/\/lo1.szczecin.pl\/wp-content\/uploads\/2023\/06\/348365312_980713666290704_5599921279174928583_n.jpg 1024w, https:\/\/lo1.szczecin.pl\/wp-content\/uploads\/2023\/06\/348365312_980713666290704_5599921279174928583_n-300x225.jpg 300w, https:\/\/lo1.szczecin.pl\/wp-content\/uploads\/2023\/06\/348365312_980713666290704_5599921279174928583_n-768x576.jpg 768w\" sizes=\"auto, (max-width: 440px) 100vw, 440px\" \/><\/figure><\/div>\n\n\n\n<div class=\"wp-block-image\"><figure class=\"alignright size-large is-resized\"><img loading=\"lazy\" decoding=\"async\" src=\"http:\/\/lo1.szczecin.pl\/wp-content\/uploads\/2023\/06\/348364043_162698090112483_3064969611974419660_n-1024x1024.jpg\" alt=\"\" class=\"wp-image-6160\" width=\"381\" height=\"381\" srcset=\"https:\/\/lo1.szczecin.pl\/wp-content\/uploads\/2023\/06\/348364043_162698090112483_3064969611974419660_n-1024x1024.jpg 1024w, https:\/\/lo1.szczecin.pl\/wp-content\/uploads\/2023\/06\/348364043_162698090112483_3064969611974419660_n-300x300.jpg 300w, https:\/\/lo1.szczecin.pl\/wp-content\/uploads\/2023\/06\/348364043_162698090112483_3064969611974419660_n-150x150.jpg 150w, https:\/\/lo1.szczecin.pl\/wp-content\/uploads\/2023\/06\/348364043_162698090112483_3064969611974419660_n-768x768.jpg 768w, https:\/\/lo1.szczecin.pl\/wp-content\/uploads\/2023\/06\/348364043_162698090112483_3064969611974419660_n-1536x1536.jpg 1536w, https:\/\/lo1.szczecin.pl\/wp-content\/uploads\/2023\/06\/348364043_162698090112483_3064969611974419660_n-60x60.jpg 60w, https:\/\/lo1.szczecin.pl\/wp-content\/uploads\/2023\/06\/348364043_162698090112483_3064969611974419660_n.jpg 1890w\" sizes=\"auto, (max-width: 381px) 100vw, 381px\" \/><\/figure><\/div>\n\n\n\n<p><\/p>\n","protected":false},"excerpt":{"rendered":"<p>W dniach 5-7 czerwca obchodzili\u015bmy w I LO doroczne \u015awi\u0119to Ksi\u0105\u017cki. Do tradycji nale\u017cy Aleja Wolnych Ksi\u0105\u017cek, czyli bookcrossing na korytarzu I pi\u0119tra. Pierwszego dnia o godz. 11 go\u015bcili\u015bmy w czytelni p. Monik\u0119 Szymanik, w\u0142a\u015bcicielk\u0119 kawiarni literackiej Kamienica w Lesie przy ul. Pocztowej, fotografk\u0119 i pisark\u0119, kt\u00f3ra opowiada\u0142a o pi\u0119knie szczeci\u0144skich secesyjnych kamienic i obdarowa\u0142a [&hellip;]<\/p>\n","protected":false},"author":1,"featured_media":0,"comment_status":"closed","ping_status":"open","sticky":false,"template":"","format":"standard","meta":{"footnotes":""},"categories":[1],"tags":[],"class_list":["post-6149","post","type-post","status-publish","format-standard","hentry","category-bez-kategorii"],"_links":{"self":[{"href":"https:\/\/lo1.szczecin.pl\/index.php\/wp-json\/wp\/v2\/posts\/6149","targetHints":{"allow":["GET"]}}],"collection":[{"href":"https:\/\/lo1.szczecin.pl\/index.php\/wp-json\/wp\/v2\/posts"}],"about":[{"href":"https:\/\/lo1.szczecin.pl\/index.php\/wp-json\/wp\/v2\/types\/post"}],"author":[{"embeddable":true,"href":"https:\/\/lo1.szczecin.pl\/index.php\/wp-json\/wp\/v2\/users\/1"}],"replies":[{"embeddable":true,"href":"https:\/\/lo1.szczecin.pl\/index.php\/wp-json\/wp\/v2\/comments?post=6149"}],"version-history":[{"count":6,"href":"https:\/\/lo1.szczecin.pl\/index.php\/wp-json\/wp\/v2\/posts\/6149\/revisions"}],"predecessor-version":[{"id":6162,"href":"https:\/\/lo1.szczecin.pl\/index.php\/wp-json\/wp\/v2\/posts\/6149\/revisions\/6162"}],"wp:attachment":[{"href":"https:\/\/lo1.szczecin.pl\/index.php\/wp-json\/wp\/v2\/media?parent=6149"}],"wp:term":[{"taxonomy":"category","embeddable":true,"href":"https:\/\/lo1.szczecin.pl\/index.php\/wp-json\/wp\/v2\/categories?post=6149"},{"taxonomy":"post_tag","embeddable":true,"href":"https:\/\/lo1.szczecin.pl\/index.php\/wp-json\/wp\/v2\/tags?post=6149"}],"curies":[{"name":"wp","href":"https:\/\/api.w.org\/{rel}","templated":true}]}}