{"id":6374,"date":"2023-10-31T13:30:57","date_gmt":"2023-10-31T12:30:57","guid":{"rendered":"http:\/\/lo1.szczecin.pl\/?p=6374"},"modified":"2023-10-31T13:32:51","modified_gmt":"2023-10-31T12:32:51","slug":"okiem-psychologa","status":"publish","type":"post","link":"https:\/\/lo1.szczecin.pl\/index.php\/2023\/10\/31\/okiem-psychologa\/","title":{"rendered":"Okiem psychologa"},"content":{"rendered":"\n<p><strong>Po co jest nam potrzebny okres dorastania? Podstawowe pytania o dorastanie.<\/strong><\/p>\n\n\n\n<p>Okres dorastania, zwany inaczej adolescencj\u0105, jest to wa\u017cny czas w \u017cyciu ka\u017cdego cz\u0142owieka. <br>W tym to bowiem czasie dokonuj\u0105 si\u0119 fundamentalne zmiany tak wa\u017cne dla naszego, dalszego rozwoju. Jest to taki swoisty \u201epomost\u201d pomi\u0119dzy dzieci\u0144stwem a doros\u0142o\u015bci\u0105. Warto podkre\u015bli\u0107, \u017ce dorastanie jest czasem zr\u00f3\u017cnicowanym. Zwykle wyr\u00f3\u017cnia si\u0119 cztery fazy okresu dorastania: wczesn\u0105 adolescencj\u0119 (11 \u2013 13 lat), \u015brodkow\u0105 (14 \u2013 17 lat), p\u00f3\u017an\u0105 (18 \u2013 21 lat) i wczesn\u0105 doros\u0142o\u015b\u0107 <br>(20 \u2013 25 lat).\u00a0 Na ka\u017cdym z wyr\u00f3\u017cnionych etap\u00f3w zachodz\u0105 r\u00f3\u017cnorodne zmiany, cz\u0119sto okre\u015blane jako \u201erewolucyjne\u201d. Rewolucja zachodzi bowiem w ciele, m\u00f3zgu, emocjach, my\u015bleniu, procesach poznawczych, w relacjach spo\u0142ecznych, zar\u00f3wno z doros\u0142ymi jak i r\u00f3wie\u015bnikami. Centralnym punktem, kt\u00f3ry \u0142\u0105czy wszystkie zmiany i procesy zachodz\u0105ce w danym okresie \u017cycia jest formowanie si\u0119 w\u0142asnej to\u017csamo\u015bci i znalezienie odpowiedzi na pytanie: <strong>Kim jestem?<\/strong><\/p>\n\n\n\n<p>Okres dorastania jest du\u017cym wyzwaniem nie tylko dla nastolatka, ale i otoczenia, w kt\u00f3rym funkcjonuje. Pojawia si\u0119 wiele pyta\u0144, zadawanych zar\u00f3wno przez sam\u0105 m\u0142odzie\u017c, jak i doros\u0142ych. <br>Ci pierwsi mog\u0105 si\u0119 pyta\u0107 o ich funkcjonowanie, akceptacj\u0119 w grupie, co jest normalne, a co nie, jakie zachowania s\u0105 dozwolone, a jakich nale\u017cy unika\u0107, jak pogodzi\u0107 funkcjonowanie w grupie i naciski ze strony rodziny, czy to co czuj\u0119, moje pragnienia s\u0105 w porz\u0105dku itp. Rodzice za\u015b mog\u0105 si\u0119 zastanawia\u0107 czy z ich nastolatkiem wszystko jest w porz\u0105dku, a mo\u017ce co\u015b nie tak, czy do\u0142o\u017cyli wszelkich stara\u0144, aby go dobrze wychowa\u0107, czy mo\u017ce co\u015b zosta\u0142o zaniedbane. Wspomniane elementy jak najbardziej wpisuj\u0105 si\u0119 w specyfik\u0119 i trudy okresu dorastania.<\/p>\n\n\n\n<p>W celu lepszego przybli\u017cenia tego okresu \u201eburzy i naporu\u201d, jak o okresie adolescencji mawia\u0142 psycholog G. Stanley Hall, warto przyj\u0105\u0107 dwa za\u0142o\u017cenia. Pierwsze dotyczy tego, \u017ce czas dorastania odznacza si\u0119 okre\u015blonymi prawid\u0142owo\u015bciami, jednak przebiega on w spos\u00f3b charakterystyczny u poszczeg\u00f3lnych os\u00f3b, co znaczy, \u017ce jego tempo, intensywno\u015b\u0107 jest spraw\u0105 bardzo indywidualn\u0105. Jedni bowiem dorastaj\u0105 szybciej, inni wolniej. Drugie za\u0142o\u017cenie, mo\u017ce przyj\u0105\u0107 form\u0119 pytania, czy by\u0142by mo\u017cliwy nasz dalszy rozw\u00f3j jako jednostki, gdyby tego okresu zabrak\u0142o w naszym \u017cyciu?<\/p>\n\n\n\n<p>Truizmem jest stwierdzenie, \u017ce dorastanie jest trudne. \u017bycie nastolatka przypomina bowiem, <br>z jednej strony poruszanie si\u0119 po \u201enierozpoznanym polu minowym\u201d, z drugiej za\u015b jest to proces warto\u015bciowy, wa\u017cny dla jego dalszego rozwoju. By\u0107 mo\u017ce dodaj\u0105ce otuchy jest to, \u017ce napi\u0119cia pomi\u0119dzy \u201em\u0142odymi\u201d a doros\u0142ymi istnia\u0142y od zawsze, co w swojej tw\u00f3rczo\u015bci dostrzega\u0142 mi\u0119dzy innymi Sokrates czy Arystoteles.<br><strong>Autor: Urszula Koz\u0142owska &#8211; szkolny psycholog<\/strong><\/p>\n\n\n\n<p>Opracowano na podstawie:<br>\u201eNastolatki na zakr\u0119cie\u201d (red.) E. \u017bmuda, K. Waszy\u0144ska, Pozna\u0144 2023<br>K. Ambroziak, A. Ko\u0142akowski, K. Siwek, \u201eNastolatek a depresja\u201d, Sopot 2021<\/p>\n\n\n\n<div class=\"wp-block-image\"><figure class=\"aligncenter size-large is-resized\"><img loading=\"lazy\" decoding=\"async\" src=\"http:\/\/lo1.szczecin.pl\/wp-content\/uploads\/2023\/10\/OKIEM-724x1024.jpg\" alt=\"\" class=\"wp-image-6375\" width=\"333\" height=\"471\" srcset=\"https:\/\/lo1.szczecin.pl\/wp-content\/uploads\/2023\/10\/OKIEM-724x1024.jpg 724w, https:\/\/lo1.szczecin.pl\/wp-content\/uploads\/2023\/10\/OKIEM-212x300.jpg 212w, https:\/\/lo1.szczecin.pl\/wp-content\/uploads\/2023\/10\/OKIEM-768x1086.jpg 768w, https:\/\/lo1.szczecin.pl\/wp-content\/uploads\/2023\/10\/OKIEM-1086x1536.jpg 1086w, https:\/\/lo1.szczecin.pl\/wp-content\/uploads\/2023\/10\/OKIEM.jpg 1414w\" sizes=\"auto, (max-width: 333px) 100vw, 333px\" \/><\/figure><\/div>\n","protected":false},"excerpt":{"rendered":"<p>Po co jest nam potrzebny okres dorastania? Podstawowe pytania o dorastanie. Okres dorastania, zwany inaczej adolescencj\u0105, jest to wa\u017cny czas w \u017cyciu ka\u017cdego cz\u0142owieka. W tym to bowiem czasie dokonuj\u0105 si\u0119 fundamentalne zmiany tak wa\u017cne dla naszego, dalszego rozwoju. Jest to taki swoisty \u201epomost\u201d pomi\u0119dzy dzieci\u0144stwem a doros\u0142o\u015bci\u0105. Warto podkre\u015bli\u0107, \u017ce dorastanie jest czasem zr\u00f3\u017cnicowanym. [&hellip;]<\/p>\n","protected":false},"author":1,"featured_media":0,"comment_status":"closed","ping_status":"open","sticky":false,"template":"","format":"standard","meta":{"footnotes":""},"categories":[1],"tags":[],"class_list":["post-6374","post","type-post","status-publish","format-standard","hentry","category-bez-kategorii"],"_links":{"self":[{"href":"https:\/\/lo1.szczecin.pl\/index.php\/wp-json\/wp\/v2\/posts\/6374","targetHints":{"allow":["GET"]}}],"collection":[{"href":"https:\/\/lo1.szczecin.pl\/index.php\/wp-json\/wp\/v2\/posts"}],"about":[{"href":"https:\/\/lo1.szczecin.pl\/index.php\/wp-json\/wp\/v2\/types\/post"}],"author":[{"embeddable":true,"href":"https:\/\/lo1.szczecin.pl\/index.php\/wp-json\/wp\/v2\/users\/1"}],"replies":[{"embeddable":true,"href":"https:\/\/lo1.szczecin.pl\/index.php\/wp-json\/wp\/v2\/comments?post=6374"}],"version-history":[{"count":2,"href":"https:\/\/lo1.szczecin.pl\/index.php\/wp-json\/wp\/v2\/posts\/6374\/revisions"}],"predecessor-version":[{"id":6378,"href":"https:\/\/lo1.szczecin.pl\/index.php\/wp-json\/wp\/v2\/posts\/6374\/revisions\/6378"}],"wp:attachment":[{"href":"https:\/\/lo1.szczecin.pl\/index.php\/wp-json\/wp\/v2\/media?parent=6374"}],"wp:term":[{"taxonomy":"category","embeddable":true,"href":"https:\/\/lo1.szczecin.pl\/index.php\/wp-json\/wp\/v2\/categories?post=6374"},{"taxonomy":"post_tag","embeddable":true,"href":"https:\/\/lo1.szczecin.pl\/index.php\/wp-json\/wp\/v2\/tags?post=6374"}],"curies":[{"name":"wp","href":"https:\/\/api.w.org\/{rel}","templated":true}]}}