{"id":6714,"date":"2024-03-26T12:40:23","date_gmt":"2024-03-26T11:40:23","guid":{"rendered":"https:\/\/lo1.szczecin.pl\/?p=6714"},"modified":"2024-03-26T12:40:24","modified_gmt":"2024-03-26T11:40:24","slug":"sukces-w-stolicy-2","status":"publish","type":"post","link":"https:\/\/lo1.szczecin.pl\/index.php\/2024\/03\/26\/sukces-w-stolicy-2\/","title":{"rendered":"Sukces w stolicy"},"content":{"rendered":"\n<p><strong>23 marca br., w Warszawie ucze\u0144 klasy 3 g Micha\u0142 Mizak wzi\u0105\u0142 udzia\u0142 w etapie centralnym <\/strong><br><strong>X edycji Olimpiady Wiedzy o Mediach (op. p. Bartosz Bynowski)<\/strong>.<br><img loading=\"lazy\" decoding=\"async\" height=\"16\" width=\"16\" alt=\"\ud83d\ude42\" src=\"https:\/\/static.xx.fbcdn.net\/images\/emoji.php\/v9\/t4c\/1\/16\/1f642.png\"> <strong>Niezmiernie mi\u0142o nam og\u0142osi\u0107, \u017ce Micha\u0142 zdoby\u0142 tytu\u0142 finalisty Olimpiady. <\/strong><br><strong>GRATULACJE dla Micha\u0142a!!!<\/strong><\/p>\n\n\n\n<div class=\"wp-block-image\"><figure class=\"alignleft size-large is-resized\"><img loading=\"lazy\" decoding=\"async\" src=\"https:\/\/lo1.szczecin.pl\/wp-content\/uploads\/2024\/03\/434054234_929489268965949_7491348285031796218_n.jpg\" alt=\"\" class=\"wp-image-6718\" width=\"262\" height=\"196\" srcset=\"https:\/\/lo1.szczecin.pl\/wp-content\/uploads\/2024\/03\/434054234_929489268965949_7491348285031796218_n.jpg 640w, https:\/\/lo1.szczecin.pl\/wp-content\/uploads\/2024\/03\/434054234_929489268965949_7491348285031796218_n-300x225.jpg 300w\" sizes=\"auto, (max-width: 262px) 100vw, 262px\" \/><\/figure><\/div>\n\n\n\n<div class=\"wp-block-image\"><figure class=\"alignright size-large is-resized\"><img loading=\"lazy\" decoding=\"async\" src=\"https:\/\/lo1.szczecin.pl\/wp-content\/uploads\/2024\/03\/433884290_929489288965947_5620019526828496544_n.jpg\" alt=\"\" class=\"wp-image-6719\" width=\"280\" height=\"373\" srcset=\"https:\/\/lo1.szczecin.pl\/wp-content\/uploads\/2024\/03\/433884290_929489288965947_5620019526828496544_n.jpg 653w, https:\/\/lo1.szczecin.pl\/wp-content\/uploads\/2024\/03\/433884290_929489288965947_5620019526828496544_n-225x300.jpg 225w\" sizes=\"auto, (max-width: 280px) 100vw, 280px\" \/><\/figure><\/div>\n","protected":false},"excerpt":{"rendered":"<p>23 marca br., w Warszawie ucze\u0144 klasy 3 g Micha\u0142 Mizak wzi\u0105\u0142 udzia\u0142 w etapie centralnym X edycji Olimpiady Wiedzy o Mediach (op. p. Bartosz Bynowski). Niezmiernie mi\u0142o nam og\u0142osi\u0107, \u017ce Micha\u0142 zdoby\u0142 tytu\u0142 finalisty Olimpiady. GRATULACJE dla Micha\u0142a!!!<\/p>\n","protected":false},"author":1,"featured_media":0,"comment_status":"closed","ping_status":"open","sticky":false,"template":"","format":"standard","meta":{"footnotes":""},"categories":[1],"tags":[],"class_list":["post-6714","post","type-post","status-publish","format-standard","hentry","category-bez-kategorii"],"_links":{"self":[{"href":"https:\/\/lo1.szczecin.pl\/index.php\/wp-json\/wp\/v2\/posts\/6714","targetHints":{"allow":["GET"]}}],"collection":[{"href":"https:\/\/lo1.szczecin.pl\/index.php\/wp-json\/wp\/v2\/posts"}],"about":[{"href":"https:\/\/lo1.szczecin.pl\/index.php\/wp-json\/wp\/v2\/types\/post"}],"author":[{"embeddable":true,"href":"https:\/\/lo1.szczecin.pl\/index.php\/wp-json\/wp\/v2\/users\/1"}],"replies":[{"embeddable":true,"href":"https:\/\/lo1.szczecin.pl\/index.php\/wp-json\/wp\/v2\/comments?post=6714"}],"version-history":[{"count":5,"href":"https:\/\/lo1.szczecin.pl\/index.php\/wp-json\/wp\/v2\/posts\/6714\/revisions"}],"predecessor-version":[{"id":6721,"href":"https:\/\/lo1.szczecin.pl\/index.php\/wp-json\/wp\/v2\/posts\/6714\/revisions\/6721"}],"wp:attachment":[{"href":"https:\/\/lo1.szczecin.pl\/index.php\/wp-json\/wp\/v2\/media?parent=6714"}],"wp:term":[{"taxonomy":"category","embeddable":true,"href":"https:\/\/lo1.szczecin.pl\/index.php\/wp-json\/wp\/v2\/categories?post=6714"},{"taxonomy":"post_tag","embeddable":true,"href":"https:\/\/lo1.szczecin.pl\/index.php\/wp-json\/wp\/v2\/tags?post=6714"}],"curies":[{"name":"wp","href":"https:\/\/api.w.org\/{rel}","templated":true}]}}