{"id":6755,"date":"2024-04-11T15:03:15","date_gmt":"2024-04-11T13:03:15","guid":{"rendered":"https:\/\/lo1.szczecin.pl\/?p=6755"},"modified":"2024-04-11T15:03:16","modified_gmt":"2024-04-11T13:03:16","slug":"i-po-wyborach","status":"publish","type":"post","link":"https:\/\/lo1.szczecin.pl\/index.php\/2024\/04\/11\/i-po-wyborach\/","title":{"rendered":"I po wyborach"},"content":{"rendered":"\n<p><strong>Przedstawiamy nowy sk\u0142ad Samorz\u0105du Uczniowskiego I LO. Dzi\u0119kujemy dotychczasowym cz\u0142onkom za ich aktywno\u015b\u0107 i dzia\u0142alno\u015b\u0107, a nowemu SU powodzenia na now\u0105 kadencj\u0119 <\/strong><\/p>\n\n\n\n<p><strong>Przewodnicz\u0105ca:  Agata Dobiecka 2H<\/strong><\/p>\n\n\n\n<p><strong>Wiceprzewodnicz\u0105ca: Bianka Koniarz 2A<\/strong><\/p>\n\n\n\n<p><strong>Sekretarze: Dawid Baczmaga 1A, Jakub Ott 1G<\/strong><\/p>\n\n\n\n<p><strong>Cz\u0142onkowie:<\/strong> Kajetan Ostrowski 2B, Lena R\u0105pa\u0142a 3D, Izabela Po\u017carycka 2D, Zofia Stankiewicz 3B, Lena Filipczak 1J, Krzysztof Pankowski-Jankowski 3A, Zuzanna K\u0119dzia 1K, Amelia \u017bugaj 2B, Lidia Jurksztowicz 1K, Julia Nguyen 2A, Natalia Ott 2D<\/p>\n\n\n<div class=\"wp-block-image\">\n<figure class=\"aligncenter size-full is-resized\"><img loading=\"lazy\" decoding=\"async\" width=\"960\" height=\"960\" src=\"https:\/\/lo1.szczecin.pl\/wp-content\/uploads\/2024\/04\/165046039_187308399866731_4869494270727845029_n.jpg\" alt=\"\" class=\"wp-image-6757\" style=\"width:318px;height:auto\" srcset=\"https:\/\/lo1.szczecin.pl\/wp-content\/uploads\/2024\/04\/165046039_187308399866731_4869494270727845029_n.jpg 960w, https:\/\/lo1.szczecin.pl\/wp-content\/uploads\/2024\/04\/165046039_187308399866731_4869494270727845029_n-300x300.jpg 300w, https:\/\/lo1.szczecin.pl\/wp-content\/uploads\/2024\/04\/165046039_187308399866731_4869494270727845029_n-150x150.jpg 150w, https:\/\/lo1.szczecin.pl\/wp-content\/uploads\/2024\/04\/165046039_187308399866731_4869494270727845029_n-768x768.jpg 768w, https:\/\/lo1.szczecin.pl\/wp-content\/uploads\/2024\/04\/165046039_187308399866731_4869494270727845029_n-60x60.jpg 60w\" sizes=\"auto, (max-width: 960px) 100vw, 960px\" \/><\/figure><\/div>","protected":false},"excerpt":{"rendered":"<p>Przedstawiamy nowy sk\u0142ad Samorz\u0105du Uczniowskiego I LO. Dzi\u0119kujemy dotychczasowym cz\u0142onkom za ich aktywno\u015b\u0107 i dzia\u0142alno\u015b\u0107, a nowemu SU powodzenia na now\u0105 kadencj\u0119 Przewodnicz\u0105ca: Agata Dobiecka 2H Wiceprzewodnicz\u0105ca: Bianka Koniarz 2A Sekretarze: Dawid Baczmaga 1A, Jakub Ott 1G Cz\u0142onkowie: Kajetan Ostrowski 2B, Lena R\u0105pa\u0142a 3D, Izabela Po\u017carycka 2D, Zofia Stankiewicz 3B, Lena Filipczak 1J, Krzysztof Pankowski-Jankowski [&hellip;]<\/p>\n","protected":false},"author":1,"featured_media":0,"comment_status":"closed","ping_status":"open","sticky":false,"template":"","format":"standard","meta":{"footnotes":""},"categories":[1],"tags":[],"class_list":["post-6755","post","type-post","status-publish","format-standard","hentry","category-bez-kategorii"],"_links":{"self":[{"href":"https:\/\/lo1.szczecin.pl\/index.php\/wp-json\/wp\/v2\/posts\/6755","targetHints":{"allow":["GET"]}}],"collection":[{"href":"https:\/\/lo1.szczecin.pl\/index.php\/wp-json\/wp\/v2\/posts"}],"about":[{"href":"https:\/\/lo1.szczecin.pl\/index.php\/wp-json\/wp\/v2\/types\/post"}],"author":[{"embeddable":true,"href":"https:\/\/lo1.szczecin.pl\/index.php\/wp-json\/wp\/v2\/users\/1"}],"replies":[{"embeddable":true,"href":"https:\/\/lo1.szczecin.pl\/index.php\/wp-json\/wp\/v2\/comments?post=6755"}],"version-history":[{"count":2,"href":"https:\/\/lo1.szczecin.pl\/index.php\/wp-json\/wp\/v2\/posts\/6755\/revisions"}],"predecessor-version":[{"id":6758,"href":"https:\/\/lo1.szczecin.pl\/index.php\/wp-json\/wp\/v2\/posts\/6755\/revisions\/6758"}],"wp:attachment":[{"href":"https:\/\/lo1.szczecin.pl\/index.php\/wp-json\/wp\/v2\/media?parent=6755"}],"wp:term":[{"taxonomy":"category","embeddable":true,"href":"https:\/\/lo1.szczecin.pl\/index.php\/wp-json\/wp\/v2\/categories?post=6755"},{"taxonomy":"post_tag","embeddable":true,"href":"https:\/\/lo1.szczecin.pl\/index.php\/wp-json\/wp\/v2\/tags?post=6755"}],"curies":[{"name":"wp","href":"https:\/\/api.w.org\/{rel}","templated":true}]}}