{"id":7154,"date":"2024-11-26T15:15:51","date_gmt":"2024-11-26T14:15:51","guid":{"rendered":"https:\/\/lo1.szczecin.pl\/?p=7154"},"modified":"2024-11-26T15:21:28","modified_gmt":"2024-11-26T14:21:28","slug":"7154","status":"publish","type":"post","link":"https:\/\/lo1.szczecin.pl\/index.php\/2024\/11\/26\/7154\/","title":{"rendered":"Debata oksfordzka"},"content":{"rendered":"\n<p><strong>07 listopada uczniowie klasy 3a brali udzia\u0142 w debacie oksfordzkiej, kt\u00f3rej celem by\u0142a obrona tezy, \u017ce rozw\u00f3j morskich farm wiatrowych b\u0119dzie kluczowy dla polskiego przemys\u0142u.<\/strong><br>Debata odby\u0142a si\u0119 w urz\u0119dzie miasta Szczecin. Do debaty stan\u0119\u0142y trzy szko\u0142y &#8211; ILO, ZSEE i ZCEMiP.<br>By\u0142a ona cz\u0119\u015bci\u0105 projektu w kt\u00f3rym bierze udzia\u0142 szko\u0142a , realizowanego przy wsp\u00f3\u0142pracy z Polskim Stowarzyszeniem Energetyki Wiatrowej.<\/p>\n\n\n<div class=\"wp-block-image\">\n<figure class=\"aligncenter size-large is-resized\"><img loading=\"lazy\" decoding=\"async\" width=\"768\" height=\"1024\" src=\"https:\/\/lo1.szczecin.pl\/wp-content\/uploads\/2024\/11\/465733352_1080621763852698_6793439141601978135_n-2-768x1024.jpg\" alt=\"\" class=\"wp-image-7158\" style=\"width:308px;height:auto\" srcset=\"https:\/\/lo1.szczecin.pl\/wp-content\/uploads\/2024\/11\/465733352_1080621763852698_6793439141601978135_n-2-768x1024.jpg 768w, https:\/\/lo1.szczecin.pl\/wp-content\/uploads\/2024\/11\/465733352_1080621763852698_6793439141601978135_n-2-225x300.jpg 225w, https:\/\/lo1.szczecin.pl\/wp-content\/uploads\/2024\/11\/465733352_1080621763852698_6793439141601978135_n-2-1152x1536.jpg 1152w, https:\/\/lo1.szczecin.pl\/wp-content\/uploads\/2024\/11\/465733352_1080621763852698_6793439141601978135_n-2.jpg 1536w\" sizes=\"auto, (max-width: 768px) 100vw, 768px\" \/><\/figure><\/div>\n\n\n<p><\/p>\n","protected":false},"excerpt":{"rendered":"<p>07 listopada uczniowie klasy 3a brali udzia\u0142 w debacie oksfordzkiej, kt\u00f3rej celem by\u0142a obrona tezy, \u017ce rozw\u00f3j morskich farm wiatrowych b\u0119dzie kluczowy dla polskiego przemys\u0142u.Debata odby\u0142a si\u0119 w urz\u0119dzie miasta Szczecin. Do debaty stan\u0119\u0142y trzy szko\u0142y &#8211; ILO, ZSEE i ZCEMiP.By\u0142a ona cz\u0119\u015bci\u0105 projektu w kt\u00f3rym bierze udzia\u0142 szko\u0142a , realizowanego przy wsp\u00f3\u0142pracy z Polskim [&hellip;]<\/p>\n","protected":false},"author":1,"featured_media":0,"comment_status":"closed","ping_status":"open","sticky":false,"template":"","format":"standard","meta":{"footnotes":""},"categories":[1],"tags":[],"class_list":["post-7154","post","type-post","status-publish","format-standard","hentry","category-bez-kategorii"],"_links":{"self":[{"href":"https:\/\/lo1.szczecin.pl\/index.php\/wp-json\/wp\/v2\/posts\/7154","targetHints":{"allow":["GET"]}}],"collection":[{"href":"https:\/\/lo1.szczecin.pl\/index.php\/wp-json\/wp\/v2\/posts"}],"about":[{"href":"https:\/\/lo1.szczecin.pl\/index.php\/wp-json\/wp\/v2\/types\/post"}],"author":[{"embeddable":true,"href":"https:\/\/lo1.szczecin.pl\/index.php\/wp-json\/wp\/v2\/users\/1"}],"replies":[{"embeddable":true,"href":"https:\/\/lo1.szczecin.pl\/index.php\/wp-json\/wp\/v2\/comments?post=7154"}],"version-history":[{"count":2,"href":"https:\/\/lo1.szczecin.pl\/index.php\/wp-json\/wp\/v2\/posts\/7154\/revisions"}],"predecessor-version":[{"id":7167,"href":"https:\/\/lo1.szczecin.pl\/index.php\/wp-json\/wp\/v2\/posts\/7154\/revisions\/7167"}],"wp:attachment":[{"href":"https:\/\/lo1.szczecin.pl\/index.php\/wp-json\/wp\/v2\/media?parent=7154"}],"wp:term":[{"taxonomy":"category","embeddable":true,"href":"https:\/\/lo1.szczecin.pl\/index.php\/wp-json\/wp\/v2\/categories?post=7154"},{"taxonomy":"post_tag","embeddable":true,"href":"https:\/\/lo1.szczecin.pl\/index.php\/wp-json\/wp\/v2\/tags?post=7154"}],"curies":[{"name":"wp","href":"https:\/\/api.w.org\/{rel}","templated":true}]}}