{"id":7495,"date":"2025-04-30T08:36:40","date_gmt":"2025-04-30T06:36:40","guid":{"rendered":"https:\/\/lo1.szczecin.pl\/?p=7495"},"modified":"2025-04-30T08:36:41","modified_gmt":"2025-04-30T06:36:41","slug":"informacja-13","status":"publish","type":"post","link":"https:\/\/lo1.szczecin.pl\/index.php\/2025\/04\/30\/informacja-13\/","title":{"rendered":"Informacja"},"content":{"rendered":"\n<p><strong>Uprzejmie informujemy, \u017ce 2 maja (pi\u0105tek) 2025 r. szko\u0142a b\u0119dzie nieczynna.<br>Zgodnie z art. 130 par.2 Kodeksu Pracy wyznaczenie dnia wolnego (2 maja) nast\u0105pi\u0142o <\/strong><br><strong>w zamian za \u015bwi\u0119to przypadaj\u0105ce w dniu wolnym od pracy tj. w sobot\u0119 3 maja br. <\/strong><\/p>\n","protected":false},"excerpt":{"rendered":"<p>Uprzejmie informujemy, \u017ce 2 maja (pi\u0105tek) 2025 r. szko\u0142a b\u0119dzie nieczynna.Zgodnie z art. 130 par.2 Kodeksu Pracy wyznaczenie dnia wolnego (2 maja) nast\u0105pi\u0142o w zamian za \u015bwi\u0119to przypadaj\u0105ce w dniu wolnym od pracy tj. w sobot\u0119 3 maja br.<\/p>\n","protected":false},"author":1,"featured_media":0,"comment_status":"closed","ping_status":"open","sticky":false,"template":"","format":"standard","meta":{"footnotes":""},"categories":[1],"tags":[],"class_list":["post-7495","post","type-post","status-publish","format-standard","hentry","category-bez-kategorii"],"_links":{"self":[{"href":"https:\/\/lo1.szczecin.pl\/index.php\/wp-json\/wp\/v2\/posts\/7495","targetHints":{"allow":["GET"]}}],"collection":[{"href":"https:\/\/lo1.szczecin.pl\/index.php\/wp-json\/wp\/v2\/posts"}],"about":[{"href":"https:\/\/lo1.szczecin.pl\/index.php\/wp-json\/wp\/v2\/types\/post"}],"author":[{"embeddable":true,"href":"https:\/\/lo1.szczecin.pl\/index.php\/wp-json\/wp\/v2\/users\/1"}],"replies":[{"embeddable":true,"href":"https:\/\/lo1.szczecin.pl\/index.php\/wp-json\/wp\/v2\/comments?post=7495"}],"version-history":[{"count":2,"href":"https:\/\/lo1.szczecin.pl\/index.php\/wp-json\/wp\/v2\/posts\/7495\/revisions"}],"predecessor-version":[{"id":7497,"href":"https:\/\/lo1.szczecin.pl\/index.php\/wp-json\/wp\/v2\/posts\/7495\/revisions\/7497"}],"wp:attachment":[{"href":"https:\/\/lo1.szczecin.pl\/index.php\/wp-json\/wp\/v2\/media?parent=7495"}],"wp:term":[{"taxonomy":"category","embeddable":true,"href":"https:\/\/lo1.szczecin.pl\/index.php\/wp-json\/wp\/v2\/categories?post=7495"},{"taxonomy":"post_tag","embeddable":true,"href":"https:\/\/lo1.szczecin.pl\/index.php\/wp-json\/wp\/v2\/tags?post=7495"}],"curies":[{"name":"wp","href":"https:\/\/api.w.org\/{rel}","templated":true}]}}