{"id":8076,"date":"2026-03-23T09:32:54","date_gmt":"2026-03-23T08:32:54","guid":{"rendered":"https:\/\/lo1.szczecin.pl\/?p=8076"},"modified":"2026-03-23T09:32:55","modified_gmt":"2026-03-23T08:32:55","slug":"konkurs-o-msc","status":"publish","type":"post","link":"https:\/\/lo1.szczecin.pl\/index.php\/2026\/03\/23\/konkurs-o-msc\/","title":{"rendered":"Konkurs o MSC"},"content":{"rendered":"\n<p><strong>Za nami konkurs dla uczni\u00f3w klas pierwszych z wiedzy o \u017cyciu i dzia\u0142alno\u015bci Marii Sk\u0142odowskiej Curie.<\/strong><\/p>\n\n\n\n<p><img loading=\"lazy\" decoding=\"async\" height=\"16\" width=\"16\" src=\"https:\/\/static.xx.fbcdn.net\/images\/emoji.php\/v9\/tbe\/1\/16\/1f3c6.png\" alt=\"\ud83c\udfc6\"> Wygra\u0142a reprezentacja kl. 1b &#8211; Martyna Osowska i Maja Cicho\u0144<br><img loading=\"lazy\" decoding=\"async\" height=\"16\" width=\"16\" src=\"https:\/\/static.xx.fbcdn.net\/images\/emoji.php\/v9\/t15\/1\/16\/1f948.png\" alt=\"\ud83e\udd48\"> 2 miejsce reprezentacja kl.1a &#8211; Miko\u0142aj Kowalski i Marceli Urbanski<br><img loading=\"lazy\" decoding=\"async\" height=\"16\" width=\"16\" src=\"https:\/\/static.xx.fbcdn.net\/images\/emoji.php\/v9\/t96\/1\/16\/1f949.png\" alt=\"\ud83e\udd49\">3 miejsce reprezentacja kl.1d &#8211; Julia Jakubczyk-Owczarek i Aurelia Karwowska<br><strong>Gratulacje!<\/strong><\/p>\n\n\n<div class=\"wp-block-image\">\n<figure class=\"aligncenter size-full is-resized\"><img loading=\"lazy\" decoding=\"async\" width=\"828\" height=\"621\" src=\"https:\/\/lo1.szczecin.pl\/wp-content\/uploads\/2026\/03\/637356387_1446817550566449_2560828617868751720_n.jpg\" alt=\"\" class=\"wp-image-8077\" style=\"width:581px;height:auto\" srcset=\"https:\/\/lo1.szczecin.pl\/wp-content\/uploads\/2026\/03\/637356387_1446817550566449_2560828617868751720_n.jpg 828w, https:\/\/lo1.szczecin.pl\/wp-content\/uploads\/2026\/03\/637356387_1446817550566449_2560828617868751720_n-300x225.jpg 300w, https:\/\/lo1.szczecin.pl\/wp-content\/uploads\/2026\/03\/637356387_1446817550566449_2560828617868751720_n-768x576.jpg 768w\" sizes=\"auto, (max-width: 828px) 100vw, 828px\" \/><\/figure><\/div>","protected":false},"excerpt":{"rendered":"<p>Za nami konkurs dla uczni\u00f3w klas pierwszych z wiedzy o \u017cyciu i dzia\u0142alno\u015bci Marii Sk\u0142odowskiej Curie. Wygra\u0142a reprezentacja kl. 1b &#8211; Martyna Osowska i Maja Cicho\u0144 2 miejsce reprezentacja kl.1a &#8211; Miko\u0142aj Kowalski i Marceli Urbanski3 miejsce reprezentacja kl.1d &#8211; Julia Jakubczyk-Owczarek i Aurelia KarwowskaGratulacje!<\/p>\n","protected":false},"author":1,"featured_media":0,"comment_status":"closed","ping_status":"open","sticky":false,"template":"","format":"standard","meta":{"footnotes":""},"categories":[1],"tags":[],"class_list":["post-8076","post","type-post","status-publish","format-standard","hentry","category-bez-kategorii"],"_links":{"self":[{"href":"https:\/\/lo1.szczecin.pl\/index.php\/wp-json\/wp\/v2\/posts\/8076","targetHints":{"allow":["GET"]}}],"collection":[{"href":"https:\/\/lo1.szczecin.pl\/index.php\/wp-json\/wp\/v2\/posts"}],"about":[{"href":"https:\/\/lo1.szczecin.pl\/index.php\/wp-json\/wp\/v2\/types\/post"}],"author":[{"embeddable":true,"href":"https:\/\/lo1.szczecin.pl\/index.php\/wp-json\/wp\/v2\/users\/1"}],"replies":[{"embeddable":true,"href":"https:\/\/lo1.szczecin.pl\/index.php\/wp-json\/wp\/v2\/comments?post=8076"}],"version-history":[{"count":1,"href":"https:\/\/lo1.szczecin.pl\/index.php\/wp-json\/wp\/v2\/posts\/8076\/revisions"}],"predecessor-version":[{"id":8078,"href":"https:\/\/lo1.szczecin.pl\/index.php\/wp-json\/wp\/v2\/posts\/8076\/revisions\/8078"}],"wp:attachment":[{"href":"https:\/\/lo1.szczecin.pl\/index.php\/wp-json\/wp\/v2\/media?parent=8076"}],"wp:term":[{"taxonomy":"category","embeddable":true,"href":"https:\/\/lo1.szczecin.pl\/index.php\/wp-json\/wp\/v2\/categories?post=8076"},{"taxonomy":"post_tag","embeddable":true,"href":"https:\/\/lo1.szczecin.pl\/index.php\/wp-json\/wp\/v2\/tags?post=8076"}],"curies":[{"name":"wp","href":"https:\/\/api.w.org\/{rel}","templated":true}]}}