{"id":8276,"date":"2026-04-27T18:09:21","date_gmt":"2026-04-27T16:09:21","guid":{"rendered":"https:\/\/lo1.szczecin.pl\/?p=8276"},"modified":"2026-04-27T18:09:21","modified_gmt":"2026-04-27T16:09:21","slug":"przejscie-do-kolejnego-etapu-konkursu","status":"publish","type":"post","link":"https:\/\/lo1.szczecin.pl\/index.php\/2026\/04\/27\/przejscie-do-kolejnego-etapu-konkursu\/","title":{"rendered":"Przej\u015bcie do kolejnego etapu konkursu"},"content":{"rendered":"\n<p><strong>Z ogromn\u0105 rado\u015bci\u0105 informujemy, \u017ce uczniowie naszej szko\u0142y pomy\u015blnie przeszli I etap XXVII edycji Og\u00f3lnopolskiego Konkursu Geologiczno-\u015arodowiskowego \u201eNasza Ziemia\u201d pod has\u0142em \u201eS\u00f3l Ziemi\u201d.<\/strong><br>W gronie wyr\u00f3\u017cnionych znale\u017ali si\u0119:<\/p>\n\n\n\n<p><strong>Aleksandra Dachtera, Iga Kaliszer , Martyna Ko\u015bcielna, Martyna Maksymowicz, Antonina Nied\u017awied\u017a, Weronika Paszkiewicz, Marta Sa\u0142abun, Aleksandra Stefanowska i Ma\u0142gorzata Tomczyk.<\/strong> <br>Serdeczne gratulacje kierujemy r\u00f3wnie\u017c do opiekun\u00f3w: Bartosza Olszewskiego oraz Agnieszki Koz\u0142owskiej! Ju\u017c 28 kwietnia 2026 r. nasi laureaci zmierz\u0105 si\u0119 w kolejnym etapie \u2013 te\u015bcie wiedzy geologicznej. Ostateczne wyniki poznamy podczas uroczysto\u015bci wr\u0119czenia nagr\u00f3d 22.05.2026 r. <strong>Trzymamy kciuki i \u017cyczymy powodzenia w dalszym etapie!<\/strong><\/p>\n","protected":false},"excerpt":{"rendered":"<p>Z ogromn\u0105 rado\u015bci\u0105 informujemy, \u017ce uczniowie naszej szko\u0142y pomy\u015blnie przeszli I etap XXVII edycji Og\u00f3lnopolskiego Konkursu Geologiczno-\u015arodowiskowego \u201eNasza Ziemia\u201d pod has\u0142em \u201eS\u00f3l Ziemi\u201d.W gronie wyr\u00f3\u017cnionych znale\u017ali si\u0119: Aleksandra Dachtera, Iga Kaliszer , Martyna Ko\u015bcielna, Martyna Maksymowicz, Antonina Nied\u017awied\u017a, Weronika Paszkiewicz, Marta Sa\u0142abun, Aleksandra Stefanowska i Ma\u0142gorzata Tomczyk. Serdeczne gratulacje kierujemy r\u00f3wnie\u017c do opiekun\u00f3w: Bartosza Olszewskiego [&hellip;]<\/p>\n","protected":false},"author":1,"featured_media":0,"comment_status":"closed","ping_status":"open","sticky":false,"template":"","format":"standard","meta":{"footnotes":""},"categories":[1],"tags":[],"class_list":["post-8276","post","type-post","status-publish","format-standard","hentry","category-bez-kategorii"],"_links":{"self":[{"href":"https:\/\/lo1.szczecin.pl\/index.php\/wp-json\/wp\/v2\/posts\/8276","targetHints":{"allow":["GET"]}}],"collection":[{"href":"https:\/\/lo1.szczecin.pl\/index.php\/wp-json\/wp\/v2\/posts"}],"about":[{"href":"https:\/\/lo1.szczecin.pl\/index.php\/wp-json\/wp\/v2\/types\/post"}],"author":[{"embeddable":true,"href":"https:\/\/lo1.szczecin.pl\/index.php\/wp-json\/wp\/v2\/users\/1"}],"replies":[{"embeddable":true,"href":"https:\/\/lo1.szczecin.pl\/index.php\/wp-json\/wp\/v2\/comments?post=8276"}],"version-history":[{"count":2,"href":"https:\/\/lo1.szczecin.pl\/index.php\/wp-json\/wp\/v2\/posts\/8276\/revisions"}],"predecessor-version":[{"id":8278,"href":"https:\/\/lo1.szczecin.pl\/index.php\/wp-json\/wp\/v2\/posts\/8276\/revisions\/8278"}],"wp:attachment":[{"href":"https:\/\/lo1.szczecin.pl\/index.php\/wp-json\/wp\/v2\/media?parent=8276"}],"wp:term":[{"taxonomy":"category","embeddable":true,"href":"https:\/\/lo1.szczecin.pl\/index.php\/wp-json\/wp\/v2\/categories?post=8276"},{"taxonomy":"post_tag","embeddable":true,"href":"https:\/\/lo1.szczecin.pl\/index.php\/wp-json\/wp\/v2\/tags?post=8276"}],"curies":[{"name":"wp","href":"https:\/\/api.w.org\/{rel}","templated":true}]}}