{"id":8279,"date":"2026-04-27T18:12:42","date_gmt":"2026-04-27T16:12:42","guid":{"rendered":"https:\/\/lo1.szczecin.pl\/?p=8279"},"modified":"2026-04-27T18:12:43","modified_gmt":"2026-04-27T16:12:43","slug":"spektakl-romeo-i-julia-w-teatrze-w-schwedt","status":"publish","type":"post","link":"https:\/\/lo1.szczecin.pl\/index.php\/2026\/04\/27\/spektakl-romeo-i-julia-w-teatrze-w-schwedt\/","title":{"rendered":"Spektakl Romeo i Julia w teatrze w Schwedt"},"content":{"rendered":"\n<p><strong>W minionym tygodniu uczniowie klas 1a i 3a mieli okazj\u0119 obejrze\u0107 spektakl \u201eRomeo i Julia\u201d \u2013 jedno z najbardziej znanych dzie\u0142 Williama Szekspira, w teatrze w Schwedt<\/strong>. Cho\u0107 dramat powsta\u0142 setki lat temu, jego przes\u0142anie pozostaje niezwykle aktualne. Historia tragicznej mi\u0142o\u015bci dwojga m\u0142odych ludzi pokazuje, do czego mog\u0105 prowadzi\u0107 konflikty, uprzedzenia i brak porozumienia mi\u0119dzy lud\u017ami. Niestety, mimo up\u0142ywu czasu, \u015bwiat wci\u0105\u017c mierzy si\u0119 z podobnymi problemami \u2013 ludzie nie zawsze wyci\u0105gaj\u0105 wnioski z przesz\u0142o\u015bci, a podzia\u0142y i spory nadal s\u0105 obecne w naszym codziennym \u017cyciu.<\/p>\n\n\n\n<p><strong>Spektakl sk\u0142oni\u0142 nas do refleksji nad tym, jak wa\u017cne s\u0105 rozmowa, wzajemny szacunek i pr\u00f3ba zrozumienia drugiego cz\u0142owieka. By\u0142a to nie tylko warto\u015bciowa lekcja j\u0119zyka i kultury, ale tak\u017ce okazja do przemy\u015ble\u0144 nad wsp\u00f3\u0142czesnym \u015bwiatem.<\/strong><\/p>\n\n\n<div class=\"wp-block-image\">\n<figure class=\"aligncenter size-large is-resized\"><img loading=\"lazy\" decoding=\"async\" width=\"1024\" height=\"768\" src=\"https:\/\/lo1.szczecin.pl\/wp-content\/uploads\/2026\/04\/677816607_1497129708868566_8759250335115759678_n-1024x768.jpg\" alt=\"\" class=\"wp-image-8280\" style=\"width:640px;height:auto\" srcset=\"https:\/\/lo1.szczecin.pl\/wp-content\/uploads\/2026\/04\/677816607_1497129708868566_8759250335115759678_n-1024x768.jpg 1024w, https:\/\/lo1.szczecin.pl\/wp-content\/uploads\/2026\/04\/677816607_1497129708868566_8759250335115759678_n-300x225.jpg 300w, https:\/\/lo1.szczecin.pl\/wp-content\/uploads\/2026\/04\/677816607_1497129708868566_8759250335115759678_n-768x576.jpg 768w, https:\/\/lo1.szczecin.pl\/wp-content\/uploads\/2026\/04\/677816607_1497129708868566_8759250335115759678_n-1536x1152.jpg 1536w, https:\/\/lo1.szczecin.pl\/wp-content\/uploads\/2026\/04\/677816607_1497129708868566_8759250335115759678_n.jpg 2048w\" sizes=\"auto, (max-width: 1024px) 100vw, 1024px\" \/><\/figure><\/div>","protected":false},"excerpt":{"rendered":"<p>W minionym tygodniu uczniowie klas 1a i 3a mieli okazj\u0119 obejrze\u0107 spektakl \u201eRomeo i Julia\u201d \u2013 jedno z najbardziej znanych dzie\u0142 Williama Szekspira, w teatrze w Schwedt. Cho\u0107 dramat powsta\u0142 setki lat temu, jego przes\u0142anie pozostaje niezwykle aktualne. Historia tragicznej mi\u0142o\u015bci dwojga m\u0142odych ludzi pokazuje, do czego mog\u0105 prowadzi\u0107 konflikty, uprzedzenia i brak porozumienia mi\u0119dzy [&hellip;]<\/p>\n","protected":false},"author":1,"featured_media":0,"comment_status":"closed","ping_status":"open","sticky":false,"template":"","format":"standard","meta":{"footnotes":""},"categories":[1],"tags":[],"class_list":["post-8279","post","type-post","status-publish","format-standard","hentry","category-bez-kategorii"],"_links":{"self":[{"href":"https:\/\/lo1.szczecin.pl\/index.php\/wp-json\/wp\/v2\/posts\/8279","targetHints":{"allow":["GET"]}}],"collection":[{"href":"https:\/\/lo1.szczecin.pl\/index.php\/wp-json\/wp\/v2\/posts"}],"about":[{"href":"https:\/\/lo1.szczecin.pl\/index.php\/wp-json\/wp\/v2\/types\/post"}],"author":[{"embeddable":true,"href":"https:\/\/lo1.szczecin.pl\/index.php\/wp-json\/wp\/v2\/users\/1"}],"replies":[{"embeddable":true,"href":"https:\/\/lo1.szczecin.pl\/index.php\/wp-json\/wp\/v2\/comments?post=8279"}],"version-history":[{"count":1,"href":"https:\/\/lo1.szczecin.pl\/index.php\/wp-json\/wp\/v2\/posts\/8279\/revisions"}],"predecessor-version":[{"id":8281,"href":"https:\/\/lo1.szczecin.pl\/index.php\/wp-json\/wp\/v2\/posts\/8279\/revisions\/8281"}],"wp:attachment":[{"href":"https:\/\/lo1.szczecin.pl\/index.php\/wp-json\/wp\/v2\/media?parent=8279"}],"wp:term":[{"taxonomy":"category","embeddable":true,"href":"https:\/\/lo1.szczecin.pl\/index.php\/wp-json\/wp\/v2\/categories?post=8279"},{"taxonomy":"post_tag","embeddable":true,"href":"https:\/\/lo1.szczecin.pl\/index.php\/wp-json\/wp\/v2\/tags?post=8279"}],"curies":[{"name":"wp","href":"https:\/\/api.w.org\/{rel}","templated":true}]}}