{"id":8282,"date":"2026-04-27T18:16:05","date_gmt":"2026-04-27T16:16:05","guid":{"rendered":"https:\/\/lo1.szczecin.pl\/?p=8282"},"modified":"2026-04-27T18:16:05","modified_gmt":"2026-04-27T16:16:05","slug":"szachowe-rozgrywki","status":"publish","type":"post","link":"https:\/\/lo1.szczecin.pl\/index.php\/2026\/04\/27\/szachowe-rozgrywki\/","title":{"rendered":"Szachowe rozgrywki"},"content":{"rendered":"\n<p>W XIII Liceum Og\u00f3lnokszta\u0142c\u0105cym odby\u0142y si\u0119 17 kwietnia br. XVIII Szachowe Mistrzostwa Szczecina Szk\u00f3\u0142 Ponadpodstawowych. <br><strong>Nasz\u0105 szko\u0142\u0119 reprezentowali: Julia Kowalczyk (1b), Jan Waszkiewicz (3c) oraz Grzegorz B\u0105berski i Kacper Maziec (2d).<\/strong> Debiutuj\u0105c w tych rozgrywkach, dru\u017cyna naszego LO uplasowa\u0142a si\u0119 w po\u0142owie stawki. Opiekun p. Bartosz Bynowski.<\/p>\n\n\n<div class=\"wp-block-image\">\n<figure class=\"aligncenter size-full is-resized\"><img loading=\"lazy\" decoding=\"async\" width=\"960\" height=\"720\" src=\"https:\/\/lo1.szczecin.pl\/wp-content\/uploads\/2026\/04\/674889961_1497145232200347_3687851986351405309_n.jpg\" alt=\"\" class=\"wp-image-8283\" style=\"width:585px;height:auto\" srcset=\"https:\/\/lo1.szczecin.pl\/wp-content\/uploads\/2026\/04\/674889961_1497145232200347_3687851986351405309_n.jpg 960w, https:\/\/lo1.szczecin.pl\/wp-content\/uploads\/2026\/04\/674889961_1497145232200347_3687851986351405309_n-300x225.jpg 300w, https:\/\/lo1.szczecin.pl\/wp-content\/uploads\/2026\/04\/674889961_1497145232200347_3687851986351405309_n-768x576.jpg 768w\" sizes=\"auto, (max-width: 960px) 100vw, 960px\" \/><\/figure><\/div>","protected":false},"excerpt":{"rendered":"<p>W XIII Liceum Og\u00f3lnokszta\u0142c\u0105cym odby\u0142y si\u0119 17 kwietnia br. XVIII Szachowe Mistrzostwa Szczecina Szk\u00f3\u0142 Ponadpodstawowych. Nasz\u0105 szko\u0142\u0119 reprezentowali: Julia Kowalczyk (1b), Jan Waszkiewicz (3c) oraz Grzegorz B\u0105berski i Kacper Maziec (2d). Debiutuj\u0105c w tych rozgrywkach, dru\u017cyna naszego LO uplasowa\u0142a si\u0119 w po\u0142owie stawki. Opiekun p. Bartosz Bynowski.<\/p>\n","protected":false},"author":1,"featured_media":0,"comment_status":"closed","ping_status":"open","sticky":false,"template":"","format":"standard","meta":{"footnotes":""},"categories":[1],"tags":[],"class_list":["post-8282","post","type-post","status-publish","format-standard","hentry","category-bez-kategorii"],"_links":{"self":[{"href":"https:\/\/lo1.szczecin.pl\/index.php\/wp-json\/wp\/v2\/posts\/8282","targetHints":{"allow":["GET"]}}],"collection":[{"href":"https:\/\/lo1.szczecin.pl\/index.php\/wp-json\/wp\/v2\/posts"}],"about":[{"href":"https:\/\/lo1.szczecin.pl\/index.php\/wp-json\/wp\/v2\/types\/post"}],"author":[{"embeddable":true,"href":"https:\/\/lo1.szczecin.pl\/index.php\/wp-json\/wp\/v2\/users\/1"}],"replies":[{"embeddable":true,"href":"https:\/\/lo1.szczecin.pl\/index.php\/wp-json\/wp\/v2\/comments?post=8282"}],"version-history":[{"count":2,"href":"https:\/\/lo1.szczecin.pl\/index.php\/wp-json\/wp\/v2\/posts\/8282\/revisions"}],"predecessor-version":[{"id":8285,"href":"https:\/\/lo1.szczecin.pl\/index.php\/wp-json\/wp\/v2\/posts\/8282\/revisions\/8285"}],"wp:attachment":[{"href":"https:\/\/lo1.szczecin.pl\/index.php\/wp-json\/wp\/v2\/media?parent=8282"}],"wp:term":[{"taxonomy":"category","embeddable":true,"href":"https:\/\/lo1.szczecin.pl\/index.php\/wp-json\/wp\/v2\/categories?post=8282"},{"taxonomy":"post_tag","embeddable":true,"href":"https:\/\/lo1.szczecin.pl\/index.php\/wp-json\/wp\/v2\/tags?post=8282"}],"curies":[{"name":"wp","href":"https:\/\/api.w.org\/{rel}","templated":true}]}}