{"id":8286,"date":"2026-04-27T18:20:52","date_gmt":"2026-04-27T16:20:52","guid":{"rendered":"https:\/\/lo1.szczecin.pl\/?p=8286"},"modified":"2026-04-27T18:21:40","modified_gmt":"2026-04-27T16:21:40","slug":"8286","status":"publish","type":"post","link":"https:\/\/lo1.szczecin.pl\/index.php\/2026\/04\/27\/8286\/","title":{"rendered":"Spotkanie o wa\u017cnych sprawach dla m\u0142odych"},"content":{"rendered":"\n<p><strong>W I Liceum odby\u0142o si\u0119 spotkanie edukacyjne po\u015bwi\u0119cone odpowiedzialno\u015bci prawnej nieletnich <br>oraz prawom cz\u0142owieka.<\/strong><\/p>\n\n\n\n<p>Na zaproszenie szko\u0142y funkcjonariusz z Wydzia\u0142u Prewencji KMP w Szczecinie przybli\u017cy\u0142 uczniom klas I i II, a tak\u017ce studentom Uniwersytetu Szczeci\u0144skiego, kluczowe zagadnienia zwi\u0105zane z obowi\u0105zuj\u0105cym prawem. Podczas zaj\u0119\u0107 om\u00f3wiono m.in.: <img loading=\"lazy\" decoding=\"async\" height=\"16\" width=\"16\" src=\"https:\/\/static.xx.fbcdn.net\/images\/emoji.php\/v9\/t51\/1\/16\/2714.png\" alt=\"\u2714\ufe0f\"> odpowiedzialno\u015b\u0107 prawn\u0105 nieletnich <img loading=\"lazy\" decoding=\"async\" height=\"16\" width=\"16\" src=\"https:\/\/static.xx.fbcdn.net\/images\/emoji.php\/v9\/t51\/1\/16\/2714.png\" alt=\"\u2714\ufe0f\"> przepisy Ustawy o wspieraniu i resocjalizacji nieletnich <img loading=\"lazy\" decoding=\"async\" height=\"16\" width=\"16\" src=\"https:\/\/static.xx.fbcdn.net\/images\/emoji.php\/v9\/t51\/1\/16\/2714.png\" alt=\"\u2714\ufe0f\"> prawa cz\u0142owieka zawarte w Karcie Praw Podstawowych UE <img loading=\"lazy\" decoding=\"async\" height=\"16\" width=\"16\" src=\"https:\/\/static.xx.fbcdn.net\/images\/emoji.php\/v9\/t51\/1\/16\/2714.png\" alt=\"\u2714\ufe0f\"> zasady r\u00f3wnego traktowania.<\/p>\n\n\n<div class=\"wp-block-image\">\n<figure class=\"aligncenter size-large is-resized\"><img loading=\"lazy\" decoding=\"async\" width=\"1024\" height=\"609\" src=\"https:\/\/lo1.szczecin.pl\/wp-content\/uploads\/2026\/04\/677152175_1267994772113722_885051724553574971_n-1024x609.jpg\" alt=\"\" class=\"wp-image-8287\" style=\"width:600px;height:auto\" srcset=\"https:\/\/lo1.szczecin.pl\/wp-content\/uploads\/2026\/04\/677152175_1267994772113722_885051724553574971_n-1024x609.jpg 1024w, https:\/\/lo1.szczecin.pl\/wp-content\/uploads\/2026\/04\/677152175_1267994772113722_885051724553574971_n-300x178.jpg 300w, https:\/\/lo1.szczecin.pl\/wp-content\/uploads\/2026\/04\/677152175_1267994772113722_885051724553574971_n-768x457.jpg 768w, https:\/\/lo1.szczecin.pl\/wp-content\/uploads\/2026\/04\/677152175_1267994772113722_885051724553574971_n-1536x914.jpg 1536w, https:\/\/lo1.szczecin.pl\/wp-content\/uploads\/2026\/04\/677152175_1267994772113722_885051724553574971_n.jpg 1720w\" sizes=\"auto, (max-width: 1024px) 100vw, 1024px\" \/><\/figure><\/div>\n\n\n<p><\/p>\n","protected":false},"excerpt":{"rendered":"<p>W I Liceum odby\u0142o si\u0119 spotkanie edukacyjne po\u015bwi\u0119cone odpowiedzialno\u015bci prawnej nieletnich oraz prawom cz\u0142owieka. Na zaproszenie szko\u0142y funkcjonariusz z Wydzia\u0142u Prewencji KMP w Szczecinie przybli\u017cy\u0142 uczniom klas I i II, a tak\u017ce studentom Uniwersytetu Szczeci\u0144skiego, kluczowe zagadnienia zwi\u0105zane z obowi\u0105zuj\u0105cym prawem. Podczas zaj\u0119\u0107 om\u00f3wiono m.in.: odpowiedzialno\u015b\u0107 prawn\u0105 nieletnich przepisy Ustawy o wspieraniu i resocjalizacji nieletnich [&hellip;]<\/p>\n","protected":false},"author":1,"featured_media":0,"comment_status":"closed","ping_status":"open","sticky":false,"template":"","format":"standard","meta":{"footnotes":""},"categories":[1],"tags":[],"class_list":["post-8286","post","type-post","status-publish","format-standard","hentry","category-bez-kategorii"],"_links":{"self":[{"href":"https:\/\/lo1.szczecin.pl\/index.php\/wp-json\/wp\/v2\/posts\/8286","targetHints":{"allow":["GET"]}}],"collection":[{"href":"https:\/\/lo1.szczecin.pl\/index.php\/wp-json\/wp\/v2\/posts"}],"about":[{"href":"https:\/\/lo1.szczecin.pl\/index.php\/wp-json\/wp\/v2\/types\/post"}],"author":[{"embeddable":true,"href":"https:\/\/lo1.szczecin.pl\/index.php\/wp-json\/wp\/v2\/users\/1"}],"replies":[{"embeddable":true,"href":"https:\/\/lo1.szczecin.pl\/index.php\/wp-json\/wp\/v2\/comments?post=8286"}],"version-history":[{"count":4,"href":"https:\/\/lo1.szczecin.pl\/index.php\/wp-json\/wp\/v2\/posts\/8286\/revisions"}],"predecessor-version":[{"id":8291,"href":"https:\/\/lo1.szczecin.pl\/index.php\/wp-json\/wp\/v2\/posts\/8286\/revisions\/8291"}],"wp:attachment":[{"href":"https:\/\/lo1.szczecin.pl\/index.php\/wp-json\/wp\/v2\/media?parent=8286"}],"wp:term":[{"taxonomy":"category","embeddable":true,"href":"https:\/\/lo1.szczecin.pl\/index.php\/wp-json\/wp\/v2\/categories?post=8286"},{"taxonomy":"post_tag","embeddable":true,"href":"https:\/\/lo1.szczecin.pl\/index.php\/wp-json\/wp\/v2\/tags?post=8286"}],"curies":[{"name":"wp","href":"https:\/\/api.w.org\/{rel}","templated":true}]}}